{"id":6217,"date":"2023-04-18T20:32:34","date_gmt":"2023-04-18T18:32:34","guid":{"rendered":"http:\/\/www.chamannajenatsch.ch\/?p=6217"},"modified":"2023-04-18T20:32:36","modified_gmt":"2023-04-18T18:32:36","slug":"skitouren-huettenteam-teil-2","status":"publish","type":"post","link":"http:\/\/www.chamannajenatsch.ch\/en\/2023\/04\/18\/skitouren-huettenteam-teil-2\/","title":{"rendered":"Skitouren H\u00fcttenteam Teil 2"},"content":{"rendered":"<p>Jaaa, heute war noch strahlenderer Sonnenschein (gibt&#8217;s das Wort..? oder heisst es mehr strahlender?) als gestern \ud83d\ude42 Leider hat Aurel sich nicht ganz fit gef\u00fchlt, und hat somit die H\u00fctte geh\u00fctet f\u00fcr uns, w\u00e4hrend wir zu Dritt (zusammen mit unseren zwei G\u00e4sten) auf zum Piz Surgonda sind. Das St\u00fcck zum Grat war ganz sch\u00f6n gef\u00fcllt mit dem Neuschnee und Remo hat mutig hochgespitzkehrt und so blieben nach dem gem\u00fctlichen St\u00fcck auf dem Gletscher, 3 mega steilen Spitzkehren nur noch 5 Meter Fussaufstieg bis zum Grat. Oben am Grat waren wir etwas \u00fcberascht, weil nix gem\u00fctlich d\u00fcdeld\u00fcdel, sondern knietiefer Schnee mit teilweis garstiger Kruste obendrauf, so dass Remo beim Spuren ein bisschen geflucht hat \ud83d\ude09 Aussicht wieder top, Abfahrt gr\u00f6sstenteils auch super, auch wenn die Val Bever Abfahrt dieses Jahr schon besser war, Wiederaufstieg zur H\u00fctte im T-Shirt mit Extra Portion Sonnencr\u00e8me, Panache und Spaghetti Carbonara auf der Terrasse. Anschliessend ein bisschen kochen, gem\u00fctliches Znacht mit unseren zwei G\u00e4sten und jetzt noch eine Dessertkreation von Remo als Kr\u00f6nung, so l\u00e4sst es sich schon leben \ud83d\ude42 Ein bisschen mehr Ferienfeeling als Arbeitsfeeling, aber nuje \ud83d\ude09<br>So, sch\u00f6nen Abend allerseits! Wir h\u00e4tten also noch Platz im Ferienparadies die n\u00e4chsten Tage \ud83d\ude09<\/p>","protected":false},"excerpt":{"rendered":"<p>Jaaa, heute war noch strahlenderer Sonnenschein (gibt&#8217;s das Wort..? oder heisst es mehr strahlender?) als gestern \ud83d\ude42 Leider hat Aurel sich nicht ganz fit gef\u00fchlt, und hat somit die H\u00fctte geh\u00fctet f\u00fcr uns, w\u00e4hrend wir zu Dritt (zusammen mit unseren<\/p>","protected":false},"author":1,"featured_media":0,"comment_status":"closed","ping_status":"closed","sticky":false,"template":"","format":"standard","meta":{"inline_featured_image":false,"footnotes":""},"categories":[1],"tags":[],"class_list":["post-6217","post","type-post","status-publish","format-standard","hentry","category-allgemein"],"_links":{"self":[{"href":"http:\/\/www.chamannajenatsch.ch\/en\/wp-json\/wp\/v2\/posts\/6217","targetHints":{"allow":["GET"]}}],"collection":[{"href":"http:\/\/www.chamannajenatsch.ch\/en\/wp-json\/wp\/v2\/posts"}],"about":[{"href":"http:\/\/www.chamannajenatsch.ch\/en\/wp-json\/wp\/v2\/types\/post"}],"author":[{"embeddable":true,"href":"http:\/\/www.chamannajenatsch.ch\/en\/wp-json\/wp\/v2\/users\/1"}],"replies":[{"embeddable":true,"href":"http:\/\/www.chamannajenatsch.ch\/en\/wp-json\/wp\/v2\/comments?post=6217"}],"version-history":[{"count":1,"href":"http:\/\/www.chamannajenatsch.ch\/en\/wp-json\/wp\/v2\/posts\/6217\/revisions"}],"predecessor-version":[{"id":6218,"href":"http:\/\/www.chamannajenatsch.ch\/en\/wp-json\/wp\/v2\/posts\/6217\/revisions\/6218"}],"wp:attachment":[{"href":"http:\/\/www.chamannajenatsch.ch\/en\/wp-json\/wp\/v2\/media?parent=6217"}],"wp:term":[{"taxonomy":"category","embeddable":true,"href":"http:\/\/www.chamannajenatsch.ch\/en\/wp-json\/wp\/v2\/categories?post=6217"},{"taxonomy":"post_tag","embeddable":true,"href":"http:\/\/www.chamannajenatsch.ch\/en\/wp-json\/wp\/v2\/tags?post=6217"}],"curies":[{"name":"wp","href":"https:\/\/api.w.org\/{rel}","templated":true}]}}