{"id":6347,"date":"2023-06-27T20:44:52","date_gmt":"2023-06-27T18:44:52","guid":{"rendered":"http:\/\/www.chamannajenatsch.ch\/?p=6347"},"modified":"2023-06-27T21:01:58","modified_gmt":"2023-06-27T19:01:58","slug":"grueessli","status":"publish","type":"post","link":"http:\/\/www.chamannajenatsch.ch\/en\/2023\/06\/27\/grueessli\/","title":{"rendered":"Gr\u00fcessli"},"content":{"rendered":"<p>So cool, heute hatten wir zuerst Besuch in der K\u00fcche von HeliBernina und zudem haben wir zwei Mal Gr\u00fcsse bekommen. Gegen Mittag kamen zwei junge M\u00e4nenr mit einem Paket, ein Gruss von dem Bauern haben sie gesagt. Als wir das Paket aufegmacht haben, wussten wir von wem es tats\u00e4chlich war, n\u00e4mlich von Jachen. Er hat bereits jetzt im Juni Steinpilze gefunden! <\/p>\n\n\n\n<p>Jetzt ist ein Bergf\u00fchrer gekommen und er ist direkt von der Albigna gekommen, wo er heute Morgen noch auf Klettertour war. Und hat uns ein Gruss in Form von Schn\u00e4psli und Salbe aus dem Bergell mitgebracht. Daanke Albignateam \ud83d\ude42 <br><br>Morgen gibts dann ein fr\u00fches Aufstehen, da die Schulklasse die bei uns ist mit dem Bergf\u00fchrer auf den Piz Calderas will. <\/p>","protected":false},"excerpt":{"rendered":"<p>So cool, heute hatten wir zuerst Besuch in der K\u00fcche von HeliBernina und zudem haben wir zwei Mal Gr\u00fcsse bekommen. Gegen Mittag kamen zwei junge M\u00e4nenr mit einem Paket, ein Gruss von dem Bauern haben sie gesagt. Als wir das<\/p>","protected":false},"author":1,"featured_media":0,"comment_status":"closed","ping_status":"closed","sticky":false,"template":"","format":"standard","meta":{"inline_featured_image":false,"footnotes":""},"categories":[1],"tags":[],"class_list":["post-6347","post","type-post","status-publish","format-standard","hentry","category-allgemein"],"_links":{"self":[{"href":"http:\/\/www.chamannajenatsch.ch\/en\/wp-json\/wp\/v2\/posts\/6347","targetHints":{"allow":["GET"]}}],"collection":[{"href":"http:\/\/www.chamannajenatsch.ch\/en\/wp-json\/wp\/v2\/posts"}],"about":[{"href":"http:\/\/www.chamannajenatsch.ch\/en\/wp-json\/wp\/v2\/types\/post"}],"author":[{"embeddable":true,"href":"http:\/\/www.chamannajenatsch.ch\/en\/wp-json\/wp\/v2\/users\/1"}],"replies":[{"embeddable":true,"href":"http:\/\/www.chamannajenatsch.ch\/en\/wp-json\/wp\/v2\/comments?post=6347"}],"version-history":[{"count":2,"href":"http:\/\/www.chamannajenatsch.ch\/en\/wp-json\/wp\/v2\/posts\/6347\/revisions"}],"predecessor-version":[{"id":6350,"href":"http:\/\/www.chamannajenatsch.ch\/en\/wp-json\/wp\/v2\/posts\/6347\/revisions\/6350"}],"wp:attachment":[{"href":"http:\/\/www.chamannajenatsch.ch\/en\/wp-json\/wp\/v2\/media?parent=6347"}],"wp:term":[{"taxonomy":"category","embeddable":true,"href":"http:\/\/www.chamannajenatsch.ch\/en\/wp-json\/wp\/v2\/categories?post=6347"},{"taxonomy":"post_tag","embeddable":true,"href":"http:\/\/www.chamannajenatsch.ch\/en\/wp-json\/wp\/v2\/tags?post=6347"}],"curies":[{"name":"wp","href":"https:\/\/api.w.org\/{rel}","templated":true}]}}