{"id":6351,"date":"2023-06-28T16:48:23","date_gmt":"2023-06-28T14:48:23","guid":{"rendered":"http:\/\/www.chamannajenatsch.ch\/?p=6351"},"modified":"2023-06-28T16:48:25","modified_gmt":"2023-06-28T14:48:25","slug":"stueva","status":"publish","type":"post","link":"http:\/\/www.chamannajenatsch.ch\/en\/2023\/06\/28\/stueva\/","title":{"rendered":"St\u00fcva"},"content":{"rendered":"<p>Das neue Wort des Tages! Oder des Jahres! Oder das neue In-Wort der Jugend. Auf jedenfall ist es das Wort, an das sich alle Sch\u00fcler der Klasse erinnern werden nach ihrem Aufenthalt bei uns. An der T\u00fcr der Stube ist ein kleines Schild montiert &#8222;St\u00fcva 1993&#8220;, also das Baujahr des neuen H\u00fctteteils und der Stube damals. Und die Sch\u00fcler finden St\u00fcva einfach mega lustig, und vor allem gestern haben sie es dauern gesagt! St\u00fcva, St\u00fcva, bitte, gerne, St\u00fcva usw. Es ist eine ganz coole Truppe und sie haben eine gute Zeit zusammen und waren heute fast vollz\u00e4hlig auf dem Piz Calderas, also doch eine rechte Tour f\u00fcr die Sch\u00fcler. Sie wissen es zwar noch nicht, aber heute machen wir ihnen \u00c4lpler, sozusagen als Belohnung f\u00fcr ihre grosse Tour heute \ud83d\ude09<\/p>\n\n\n\n<p>Dani hat gestern \u00fcbrigens noch die Sommerfassung wieder in Betrieb genommen und die Turbine installiert und somit sind wir wieder voll betriebst\u00fcchtig. Zudem ist auch der Pool wieder geputzt und gef\u00fcllt und die ersten G\u00e4ste werden nachher die Sauna geniessen. <br><br>Morgen Donnerstag sollen dann die Handwerker kommen und wenn alles klappt, verz\u00e4hle ich euch morgen die News was unser Upgrade in der K\u00fcche ist \ud83d\ude42<\/p>","protected":false},"excerpt":{"rendered":"<p>Das neue Wort des Tages! Oder des Jahres! Oder das neue In-Wort der Jugend. Auf jedenfall ist es das Wort, an das sich alle Sch\u00fcler der Klasse erinnern werden nach ihrem Aufenthalt bei uns. An der T\u00fcr der Stube ist<\/p>","protected":false},"author":1,"featured_media":0,"comment_status":"closed","ping_status":"closed","sticky":false,"template":"","format":"standard","meta":{"inline_featured_image":false,"footnotes":""},"categories":[1],"tags":[],"class_list":["post-6351","post","type-post","status-publish","format-standard","hentry","category-allgemein"],"_links":{"self":[{"href":"http:\/\/www.chamannajenatsch.ch\/en\/wp-json\/wp\/v2\/posts\/6351","targetHints":{"allow":["GET"]}}],"collection":[{"href":"http:\/\/www.chamannajenatsch.ch\/en\/wp-json\/wp\/v2\/posts"}],"about":[{"href":"http:\/\/www.chamannajenatsch.ch\/en\/wp-json\/wp\/v2\/types\/post"}],"author":[{"embeddable":true,"href":"http:\/\/www.chamannajenatsch.ch\/en\/wp-json\/wp\/v2\/users\/1"}],"replies":[{"embeddable":true,"href":"http:\/\/www.chamannajenatsch.ch\/en\/wp-json\/wp\/v2\/comments?post=6351"}],"version-history":[{"count":1,"href":"http:\/\/www.chamannajenatsch.ch\/en\/wp-json\/wp\/v2\/posts\/6351\/revisions"}],"predecessor-version":[{"id":6352,"href":"http:\/\/www.chamannajenatsch.ch\/en\/wp-json\/wp\/v2\/posts\/6351\/revisions\/6352"}],"wp:attachment":[{"href":"http:\/\/www.chamannajenatsch.ch\/en\/wp-json\/wp\/v2\/media?parent=6351"}],"wp:term":[{"taxonomy":"category","embeddable":true,"href":"http:\/\/www.chamannajenatsch.ch\/en\/wp-json\/wp\/v2\/categories?post=6351"},{"taxonomy":"post_tag","embeddable":true,"href":"http:\/\/www.chamannajenatsch.ch\/en\/wp-json\/wp\/v2\/tags?post=6351"}],"curies":[{"name":"wp","href":"https:\/\/api.w.org\/{rel}","templated":true}]}}