{"id":6355,"date":"2023-06-30T15:12:54","date_gmt":"2023-06-30T13:12:54","guid":{"rendered":"http:\/\/www.chamannajenatsch.ch\/?p=6355"},"modified":"2023-06-30T15:12:56","modified_gmt":"2023-06-30T13:12:56","slug":"fait-maison","status":"publish","type":"post","link":"http:\/\/www.chamannajenatsch.ch\/en\/2023\/06\/30\/fait-maison\/","title":{"rendered":"Fait Maison"},"content":{"rendered":"<p>Heute Morgen haben wir die Auszeichnung &#8222;Fait Maison&#8220; erhalten \ud83d\ude42 Das Label zeichnet Gastrobetriebe aus, die mehrheitlich selber kochen. Heute hatten wir die Erstkontrolle und ab morgen 1. Juli sind wir dann offiziell dabei. Einige nicht hausgemachte Produkte sind erlaubt, wenn sie deklariert sind. Gem\u00fcsebouillon, Apfelmus aus der Dose, Meringue und L\u00f6ffelbiscuit sind solche Sachen, die wir nicht selber machen. Und ab und zu gibt es auch bei uns Stocki \ud83d\ude09 Diese Produkte sind nun aber in der Stube aufgelistet und alles andere ist hausgemacht \ud83d\ude42<br>W\u00e4hrend ich mit dem Label besch\u00e4ftigt war, hat Dani in der K\u00fcche die Regale umgeschreinert. Da nun ein Teil des Schrankes unter dem Wasserhahn mit dem Kohles\u00e4ureteil belegt ist, musste der Schrank neu organisiert werden. Jetzt haben wir noch einige Sachen umger\u00e4umt, die wir weniger h\u00e4ufig brauchen und alles andere etwas mehr zusammengerutscht, aber es hat alles wieder einen Platz gefunden. Manchmal ist es auch ganz gut um sich wieder einige Fragen zu stellen, warum wieso etwas wo verr\u00e4umt ist. Einiges war einfach immer noch dort wo es bei Fridli und Claudia war, ohne dass wir uns gefragt hatten ob es Sinn macht oder nicht \ud83d\ude09<\/p>\n\n\n\n<p>Heute Abend haben wir keine G\u00e4ste und Brigitte ist f\u00fcrs Wochenende ins Tal, wo sie zuhause bei der Organisation ihres Dorffestes mithilft. Also sind Dani und ich allein, morgen kommt dann Remo zur Verst\u00e4rkung und am Montag kommt Brigitte wieder hoch und auch Alicia wird ab Montag mit dabei sein. <\/p>","protected":false},"excerpt":{"rendered":"<p>Heute Morgen haben wir die Auszeichnung &#8222;Fait Maison&#8220; erhalten \ud83d\ude42 Das Label zeichnet Gastrobetriebe aus, die mehrheitlich selber kochen. Heute hatten wir die Erstkontrolle und ab morgen 1. Juli sind wir dann offiziell dabei. Einige nicht hausgemachte Produkte sind erlaubt,<\/p>","protected":false},"author":1,"featured_media":0,"comment_status":"closed","ping_status":"closed","sticky":false,"template":"","format":"standard","meta":{"inline_featured_image":false,"footnotes":""},"categories":[1],"tags":[],"class_list":["post-6355","post","type-post","status-publish","format-standard","hentry","category-allgemein"],"_links":{"self":[{"href":"http:\/\/www.chamannajenatsch.ch\/en\/wp-json\/wp\/v2\/posts\/6355","targetHints":{"allow":["GET"]}}],"collection":[{"href":"http:\/\/www.chamannajenatsch.ch\/en\/wp-json\/wp\/v2\/posts"}],"about":[{"href":"http:\/\/www.chamannajenatsch.ch\/en\/wp-json\/wp\/v2\/types\/post"}],"author":[{"embeddable":true,"href":"http:\/\/www.chamannajenatsch.ch\/en\/wp-json\/wp\/v2\/users\/1"}],"replies":[{"embeddable":true,"href":"http:\/\/www.chamannajenatsch.ch\/en\/wp-json\/wp\/v2\/comments?post=6355"}],"version-history":[{"count":1,"href":"http:\/\/www.chamannajenatsch.ch\/en\/wp-json\/wp\/v2\/posts\/6355\/revisions"}],"predecessor-version":[{"id":6356,"href":"http:\/\/www.chamannajenatsch.ch\/en\/wp-json\/wp\/v2\/posts\/6355\/revisions\/6356"}],"wp:attachment":[{"href":"http:\/\/www.chamannajenatsch.ch\/en\/wp-json\/wp\/v2\/media?parent=6355"}],"wp:term":[{"taxonomy":"category","embeddable":true,"href":"http:\/\/www.chamannajenatsch.ch\/en\/wp-json\/wp\/v2\/categories?post=6355"},{"taxonomy":"post_tag","embeddable":true,"href":"http:\/\/www.chamannajenatsch.ch\/en\/wp-json\/wp\/v2\/tags?post=6355"}],"curies":[{"name":"wp","href":"https:\/\/api.w.org\/{rel}","templated":true}]}}