{"id":6642,"date":"2023-08-20T21:57:18","date_gmt":"2023-08-20T19:57:18","guid":{"rendered":"http:\/\/www.chamannajenatsch.ch\/?p=6642"},"modified":"2023-08-20T21:57:56","modified_gmt":"2023-08-20T19:57:56","slug":"6642","status":"publish","type":"post","link":"http:\/\/www.chamannajenatsch.ch\/en\/2023\/08\/20\/6642\/","title":{"rendered":"Sonn-tag"},"content":{"rendered":"<p>So, besser sp\u00e4t wie nie \ud83d\ude09 Da ich morgen ins Tal gehe f\u00fcr ein paar Tage und tags\u00fcber vergessen hatte euch was zu schreiben, kommts jetzt noch \ud83d\ude09 <\/p>\n\n\n\n<p>Heute war wieder ein Traumtag. Es war eigentlich fast den ganzen Tag sonnig, mit ein paar harmlosen W\u00f6lkli am Himmel. Es war auch hier sehr warm, zwar nicht heiss wie im Tal, aber trotzdem viel zu warm f\u00fcr unsere H\u00f6he: Fr\u00fchst\u00fcck um halb neun am Morgen in kurzer Hose und T-Shirt, nachher Flipflop und Top Wetter. Kurz hatten wir die Liegest\u00fchle der HeliBernina draussen und ein bisschen geslacklinet haben wir auch, bis die ersten Tagesg\u00e4ste kamen. Es lief dann wieder den ganzen Tag etwas, auch wenn es nie stressig wurde. Immerhin knapp 50 \u00dcbernachtungsg\u00e4ste hatten wir heute bei uns, und bevor morgen Alicia wieder kommt, haben wir noch einmal \u00c4lpler gemacht \ud83d\ude09 Also sie hat schon gern \u00c4lpler, aber sie hatte letzte Woche 2x bei uns, 1x auf der Es-Cha und 1x auf der Grialtesch \u00c4lpler und irgendwann hats man dann wohl gesehen \ud83d\ude09 Im Sommer gehen die meisten G\u00e4ste halt in die andere Richtung, und dann ist das Menu leider nicht abgestimmt, dass es nicht \u00fcberall das gleiche zu essen gibt. <\/p>\n\n\n\n<p>Ja und ich habe ab morgen frei. Eigentlich ist es zwar nicht meine Temperatur zum ins Tal gehen, aber es ist auch sch\u00f6nes Wetter und ein bisschen Pause ist langsam n\u00f6tig. Und ich habe am Dienstag war geplant und das war eigentlich auch das Ziel, dass wenn man was plant, dann auch frei macht. Sonst verschiebt man das mit dem Freimachen ja doch immer wieder. Brigitte wird ebenfalls morgen f\u00fcr eine Woche ins Frei gehen, daf\u00fcr kommt Alicia ja dann wieder hoch und wird Dani und Nici unterst\u00fctzen und sie werden die n\u00e4chsten Tage zu Dritt schmeissen. Es wird aber auch ein bisschen ruhiger und sie werden es gut meistern und hoffentlich zwischendurch auch noch e bitzli s\u00f6nnele k\u00f6nne. <\/p>","protected":false},"excerpt":{"rendered":"<p>So, besser sp\u00e4t wie nie \ud83d\ude09 Da ich morgen ins Tal gehe f\u00fcr ein paar Tage und tags\u00fcber vergessen hatte euch was zu schreiben, kommts jetzt noch \ud83d\ude09 Heute war wieder ein Traumtag. Es war eigentlich fast den ganzen Tag<\/p>","protected":false},"author":1,"featured_media":0,"comment_status":"closed","ping_status":"closed","sticky":false,"template":"","format":"standard","meta":{"inline_featured_image":false,"footnotes":""},"categories":[1],"tags":[],"class_list":["post-6642","post","type-post","status-publish","format-standard","hentry","category-allgemein"],"_links":{"self":[{"href":"http:\/\/www.chamannajenatsch.ch\/en\/wp-json\/wp\/v2\/posts\/6642","targetHints":{"allow":["GET"]}}],"collection":[{"href":"http:\/\/www.chamannajenatsch.ch\/en\/wp-json\/wp\/v2\/posts"}],"about":[{"href":"http:\/\/www.chamannajenatsch.ch\/en\/wp-json\/wp\/v2\/types\/post"}],"author":[{"embeddable":true,"href":"http:\/\/www.chamannajenatsch.ch\/en\/wp-json\/wp\/v2\/users\/1"}],"replies":[{"embeddable":true,"href":"http:\/\/www.chamannajenatsch.ch\/en\/wp-json\/wp\/v2\/comments?post=6642"}],"version-history":[{"count":2,"href":"http:\/\/www.chamannajenatsch.ch\/en\/wp-json\/wp\/v2\/posts\/6642\/revisions"}],"predecessor-version":[{"id":6644,"href":"http:\/\/www.chamannajenatsch.ch\/en\/wp-json\/wp\/v2\/posts\/6642\/revisions\/6644"}],"wp:attachment":[{"href":"http:\/\/www.chamannajenatsch.ch\/en\/wp-json\/wp\/v2\/media?parent=6642"}],"wp:term":[{"taxonomy":"category","embeddable":true,"href":"http:\/\/www.chamannajenatsch.ch\/en\/wp-json\/wp\/v2\/categories?post=6642"},{"taxonomy":"post_tag","embeddable":true,"href":"http:\/\/www.chamannajenatsch.ch\/en\/wp-json\/wp\/v2\/tags?post=6642"}],"curies":[{"name":"wp","href":"https:\/\/api.w.org\/{rel}","templated":true}]}}