{"id":6645,"date":"2023-08-24T16:48:12","date_gmt":"2023-08-24T14:48:12","guid":{"rendered":"http:\/\/www.chamannajenatsch.ch\/?p=6645"},"modified":"2023-08-24T16:48:14","modified_gmt":"2023-08-24T14:48:14","slug":"back-to-paradise","status":"publish","type":"post","link":"http:\/\/www.chamannajenatsch.ch\/en\/2023\/08\/24\/back-to-paradise\/","title":{"rendered":"Back to paradise"},"content":{"rendered":"<p>Yuhu, ich bin wieder zur\u00fcck im Bergzuhause. Im Talzuhause war es einfach zu warm! Klar will man im Frei zwar auch erholen und ein bisschen faulenzen, aber das ist auch das einzige sinnvolle was man bei den Temperaturen im Tal machen kann. Und mehr als zwei Tage faulenzen, und vor allem drinnen faulenzen wenn draussen die Sonne scheint, geht bei mir nicht \ud83d\ude09 Aber draussen war es tags\u00fcber einfach zu heiss, sogar im Schatten. <\/p>\n\n\n\n<p>Ich habe aber nicht nur gefaulenzt, am Dienstag war ich mit Bergf\u00fchrer Andy Steingruber auf dem Corn da Tinizong \ud83d\ude42 Auch da war es warm, wann bitte startet man am morgen im Dunkeln mit Stirnlampe, aber im T-Shirt zur Bergtour? Aber es war es super T\u00fc\u00fcrli, nicht schwierig, ein bisschen klettern, top Wetter, gute Gesellschaft und noch im Bergsee baden unterwegs \ud83d\ude42 <\/p>\n\n\n\n<p>Hier oben haben Alicia und Nici das warme Wetter genutzt und in einem Tag ein ganzes Lager gewaschen und getrocknet und heute wieder bezogen!! Und Dani ist mit Luigi besch\u00e4ftigt, der arme hat ein Problem und es ist wohl seit einigen Tagen schwierirg zum Abwaschen. Irgend ein St\u00fcck in der T\u00fcre macht wohl Wackelkontakt und dann tut nix mehr. Jetzt ist ein Ersatzst\u00fcck bestellt und wir hoffen, dass wir mit Ducktape und so bis zum n\u00e4chsten Heli \u00fcberbr\u00fccken k\u00f6nnen ohne alles von Hand abwaschen zu m\u00fcssen. <\/p>","protected":false},"excerpt":{"rendered":"<p>Yuhu, ich bin wieder zur\u00fcck im Bergzuhause. Im Talzuhause war es einfach zu warm! Klar will man im Frei zwar auch erholen und ein bisschen faulenzen, aber das ist auch das einzige sinnvolle was man bei den Temperaturen im Tal<\/p>","protected":false},"author":1,"featured_media":0,"comment_status":"closed","ping_status":"closed","sticky":false,"template":"","format":"standard","meta":{"inline_featured_image":false,"footnotes":""},"categories":[1],"tags":[],"class_list":["post-6645","post","type-post","status-publish","format-standard","hentry","category-allgemein"],"_links":{"self":[{"href":"http:\/\/www.chamannajenatsch.ch\/en\/wp-json\/wp\/v2\/posts\/6645","targetHints":{"allow":["GET"]}}],"collection":[{"href":"http:\/\/www.chamannajenatsch.ch\/en\/wp-json\/wp\/v2\/posts"}],"about":[{"href":"http:\/\/www.chamannajenatsch.ch\/en\/wp-json\/wp\/v2\/types\/post"}],"author":[{"embeddable":true,"href":"http:\/\/www.chamannajenatsch.ch\/en\/wp-json\/wp\/v2\/users\/1"}],"replies":[{"embeddable":true,"href":"http:\/\/www.chamannajenatsch.ch\/en\/wp-json\/wp\/v2\/comments?post=6645"}],"version-history":[{"count":1,"href":"http:\/\/www.chamannajenatsch.ch\/en\/wp-json\/wp\/v2\/posts\/6645\/revisions"}],"predecessor-version":[{"id":6646,"href":"http:\/\/www.chamannajenatsch.ch\/en\/wp-json\/wp\/v2\/posts\/6645\/revisions\/6646"}],"wp:attachment":[{"href":"http:\/\/www.chamannajenatsch.ch\/en\/wp-json\/wp\/v2\/media?parent=6645"}],"wp:term":[{"taxonomy":"category","embeddable":true,"href":"http:\/\/www.chamannajenatsch.ch\/en\/wp-json\/wp\/v2\/categories?post=6645"},{"taxonomy":"post_tag","embeddable":true,"href":"http:\/\/www.chamannajenatsch.ch\/en\/wp-json\/wp\/v2\/tags?post=6645"}],"curies":[{"name":"wp","href":"https:\/\/api.w.org\/{rel}","templated":true}]}}