{"id":6774,"date":"2023-08-28T11:54:12","date_gmt":"2023-08-28T09:54:12","guid":{"rendered":"http:\/\/www.chamannajenatsch.ch\/?p=6774"},"modified":"2023-08-28T11:58:09","modified_gmt":"2023-08-28T09:58:09","slug":"6774","status":"publish","type":"post","link":"http:\/\/www.chamannajenatsch.ch\/en\/2023\/08\/28\/6774\/","title":{"rendered":"Regenregenregen"},"content":{"rendered":"<p>Es regnet und regnet&#8230; Gestern hats wirklich fast den ganzen Tag &#8222;duregschifft&#8220;. Mal mehr mal weniger und mal noch mehr. Wir haben es uns in der K\u00fcche gem\u00fctlich gemacht und viel gepl\u00e4udert, Geschichten erz\u00e4hlt aus dem H\u00fcttenleben, dem WG und Unileben, dem Spitalleben, dem Praxisleben usw. Es war fast wie ein gem\u00fctlicher Ferientag in guter Gesellschaft. <\/p>\n\n\n\n<p>Und, sagen wir, fast wider erwarten, waren um 16 Uhr unsere 8 angemeldeten G\u00e4ste alle hier! Tropfnass, aber angekommen. Zur &#8222;Feier&#8220; des Tages gab es Burger \ud83d\ude42 Wir hatten noch welche vom 1. August und da es nur so wenige G\u00e4ste waren ist es genau aufgegangen. <\/p>\n\n\n\n<p>Anstatt des entspannten Abends, den wir uns dann eigentlich noch machen wollten, wurde leider aber nix. Wir haben dann n\u00e4mlich gemerkt, dass unser Tiefk\u00fchler und der K\u00fchlschrank recht warm waren. Es war zwar schon noch gefroren, aber anstatt der -25, waren es nur noch -14 Grad. Grunds\u00e4tzlich nicht schlimm, aber die Temperatur stieg und der Tiefk\u00fchler hat nix gemacht um zu k\u00fchlen. Also ein bisschen Fehlersuche, mit Dani im Tal beratschlagen, m\u00f6glichst sonst alles vom Strom nehmen um die Batterie zu entlasten. Wir wissen schon ,dass unsere 24 Volt Tiefk\u00fchltruhe nicht mehr richtig k\u00fchlt, wenn die Spannung zu klein wird, aber anderseits dachten wir auch, dass wir eigentlich noch genug Strom haben. So ganz schlau sind wir nicht geworden, irgendwann hat der Tiefk\u00fchler aber wieder gebrummelt und ein bisschen gek\u00fchlt. War es also nur die Anzeige vielleicht? Wir wissen es immer noch nicht. Aber heute morgen hat es wieder -24 angezeigt, also Entwarnung. <\/p>\n\n\n\n<p>Es gab heute Morgen auch mal kurz eine Aufhellung wo die Solaranlage etwas Strom produziert hat, und jetzt warten wir auf das Ende des grossen Regens um die Turbine wieder in Betrieb zu nehmen. Nici und Angi sind soeben Richtung Spinas abgelaufen. Sie geniessen nun zusammen zwei Wochen Ferien und nachher kommt Nici dann ja nochmals hoch f\u00fcr ein paar Wochen \ud83d\ude42<\/p>\n\n\n\n<p>Jetzt machen Alicia und ich uns noch einen gem\u00fctlichen Tag und sind gespannt ob die zwei G\u00e4ste von heute Abend ankommen \ud83d\ude09<\/p>","protected":false},"excerpt":{"rendered":"<p>Es regnet und regnet&#8230; Gestern hats wirklich fast den ganzen Tag &#8222;duregschifft&#8220;. Mal mehr mal weniger und mal noch mehr. Wir haben es uns in der K\u00fcche gem\u00fctlich gemacht und viel gepl\u00e4udert, Geschichten erz\u00e4hlt aus dem H\u00fcttenleben, dem WG und<\/p>","protected":false},"author":1,"featured_media":0,"comment_status":"closed","ping_status":"closed","sticky":false,"template":"","format":"standard","meta":{"inline_featured_image":false,"footnotes":""},"categories":[1],"tags":[],"class_list":["post-6774","post","type-post","status-publish","format-standard","hentry","category-allgemein"],"_links":{"self":[{"href":"http:\/\/www.chamannajenatsch.ch\/en\/wp-json\/wp\/v2\/posts\/6774","targetHints":{"allow":["GET"]}}],"collection":[{"href":"http:\/\/www.chamannajenatsch.ch\/en\/wp-json\/wp\/v2\/posts"}],"about":[{"href":"http:\/\/www.chamannajenatsch.ch\/en\/wp-json\/wp\/v2\/types\/post"}],"author":[{"embeddable":true,"href":"http:\/\/www.chamannajenatsch.ch\/en\/wp-json\/wp\/v2\/users\/1"}],"replies":[{"embeddable":true,"href":"http:\/\/www.chamannajenatsch.ch\/en\/wp-json\/wp\/v2\/comments?post=6774"}],"version-history":[{"count":2,"href":"http:\/\/www.chamannajenatsch.ch\/en\/wp-json\/wp\/v2\/posts\/6774\/revisions"}],"predecessor-version":[{"id":6776,"href":"http:\/\/www.chamannajenatsch.ch\/en\/wp-json\/wp\/v2\/posts\/6774\/revisions\/6776"}],"wp:attachment":[{"href":"http:\/\/www.chamannajenatsch.ch\/en\/wp-json\/wp\/v2\/media?parent=6774"}],"wp:term":[{"taxonomy":"category","embeddable":true,"href":"http:\/\/www.chamannajenatsch.ch\/en\/wp-json\/wp\/v2\/categories?post=6774"},{"taxonomy":"post_tag","embeddable":true,"href":"http:\/\/www.chamannajenatsch.ch\/en\/wp-json\/wp\/v2\/tags?post=6774"}],"curies":[{"name":"wp","href":"https:\/\/api.w.org\/{rel}","templated":true}]}}