{"id":7209,"date":"2024-02-18T16:51:02","date_gmt":"2024-02-18T15:51:02","guid":{"rendered":"https:\/\/www.chamannajenatsch.ch\/?p=7209"},"modified":"2024-02-18T16:51:04","modified_gmt":"2024-02-18T15:51:04","slug":"ueberlebt","status":"publish","type":"post","link":"http:\/\/www.chamannajenatsch.ch\/en\/2024\/02\/18\/ueberlebt\/","title":{"rendered":"\u00dcberlebt ;-)"},"content":{"rendered":"<p>Ja, jetzt haben wir unser erstes Full House der Saison und die ersten Tage mit der Kamera in der K\u00fcche hinter uns \ud83d\ude42 Es lief eigentlich alles wie geschmiert. Die G\u00e4ste gestern waren super entspannt und nett, es gab mit Pizzoccheri supereinfach nur eine grosse Sch\u00fcssel f\u00fcr alle pro Tisch (mit 2 Ausnahmen) und mit Remo in der K\u00fcche waren wir auch super eingespielt und effektiv unterwegs. Anton hat seinen ersten Tag auch ganz gut gemeistert, nicht ganz einfach ein erster Arbeitstag mit Full house und der Kamera im R\u00fccken! Der grosse Abwasch war um 20:20 erledigt! <\/p>\n\n\n\n<p>Grunds\u00e4tzlich sind wir sehr zufrieden mit den ersten Drehtagen. Wir glauben zumindest, dass wir nichts mega dummes gesagt oder getan haben vor der Kamera und auch die Teams vom SRF und BR sind glaub ganz zufrieden mit dem Material, das sie zusammen bekommen haben in diesen Tagen. Gespannt sind wir trotzdem, was dann schlussendlich gezeigt wird und wie es r\u00fcberkommt. Die, die wissen wie es bei uns in der K\u00fcche zu und her geht, wissen auch, dass wir selten lange seri\u00f6s bleiben k\u00f6nnen und es immer recht lustig haben. Und wir haben uns nicht allzu fest verstellt vor der Kamera \ud83d\ude09 Lustig ist es auch, wenn man mit dem Kameramann redet oder ihn zum lachen bringt (aus Versehen oder auch nicht ;-)). Das k\u00f6nnen sie dann nachher nicht brauchen, da der Kameramann sozusagen gar nicht existiert im Beitrag. Aber den Kameramann einfach ignorieren ist auch schwierig, z.B. jemandem mit einer schweren Kamera auf den Schultern einfach die T\u00fcr vor der Nase zuknallen, da er eigentlich ja gar nicht da ist, ist ja nicht so die nette Art, die wir gewohnt sind im Team oder mit den G\u00e4sten \ud83d\ude09<\/p>\n\n\n\n<p>Die Kamerateams haben uns jetzt heute Morgen verlassen und wir konnten nach dem H\u00fcttenputz noch 1 Stunde die Sonne geniessen, bevor die ersten G\u00e4ste wieder zur\u00fcckkamen. Es war top Wetter heute \ud83d\ude42 Heute haben wir 42 G\u00e4ste und somit ist auch heute Abend noch ganz sch\u00f6n was los. Es gibt ein Curry mit K\u00fcrbis und Peperoni, mal was neues \ud83d\ude09<\/p>","protected":false},"excerpt":{"rendered":"<p>Ja, jetzt haben wir unser erstes Full House der Saison und die ersten Tage mit der Kamera in der K\u00fcche hinter uns \ud83d\ude42 Es lief eigentlich alles wie geschmiert. Die G\u00e4ste gestern waren super entspannt und nett, es gab mit<\/p>","protected":false},"author":1,"featured_media":0,"comment_status":"closed","ping_status":"closed","sticky":false,"template":"","format":"standard","meta":{"inline_featured_image":false,"footnotes":""},"categories":[1],"tags":[],"class_list":["post-7209","post","type-post","status-publish","format-standard","hentry","category-allgemein"],"_links":{"self":[{"href":"http:\/\/www.chamannajenatsch.ch\/en\/wp-json\/wp\/v2\/posts\/7209","targetHints":{"allow":["GET"]}}],"collection":[{"href":"http:\/\/www.chamannajenatsch.ch\/en\/wp-json\/wp\/v2\/posts"}],"about":[{"href":"http:\/\/www.chamannajenatsch.ch\/en\/wp-json\/wp\/v2\/types\/post"}],"author":[{"embeddable":true,"href":"http:\/\/www.chamannajenatsch.ch\/en\/wp-json\/wp\/v2\/users\/1"}],"replies":[{"embeddable":true,"href":"http:\/\/www.chamannajenatsch.ch\/en\/wp-json\/wp\/v2\/comments?post=7209"}],"version-history":[{"count":1,"href":"http:\/\/www.chamannajenatsch.ch\/en\/wp-json\/wp\/v2\/posts\/7209\/revisions"}],"predecessor-version":[{"id":7210,"href":"http:\/\/www.chamannajenatsch.ch\/en\/wp-json\/wp\/v2\/posts\/7209\/revisions\/7210"}],"wp:attachment":[{"href":"http:\/\/www.chamannajenatsch.ch\/en\/wp-json\/wp\/v2\/media?parent=7209"}],"wp:term":[{"taxonomy":"category","embeddable":true,"href":"http:\/\/www.chamannajenatsch.ch\/en\/wp-json\/wp\/v2\/categories?post=7209"},{"taxonomy":"post_tag","embeddable":true,"href":"http:\/\/www.chamannajenatsch.ch\/en\/wp-json\/wp\/v2\/tags?post=7209"}],"curies":[{"name":"wp","href":"https:\/\/api.w.org\/{rel}","templated":true}]}}