{"id":7221,"date":"2024-02-22T16:58:05","date_gmt":"2024-02-22T15:58:05","guid":{"rendered":"https:\/\/www.chamannajenatsch.ch\/?p=7221"},"modified":"2024-02-22T16:58:08","modified_gmt":"2024-02-22T15:58:08","slug":"knapp-helioes","status":"publish","type":"post","link":"http:\/\/www.chamannajenatsch.ch\/en\/2024\/02\/22\/knapp-helioes\/","title":{"rendered":"Knapp heli\u00f6s"},"content":{"rendered":"<p>Wenn man am Morgen beim Aufwachen als erstes die Fensterl\u00e4den klappern h\u00f6rt, deutet es nicht auf perfektes Flugwetter hin. Die Sicht war allerdings noch super. Ich habe dann f\u00fcr unsere 9 G\u00e4ste Fr\u00fchst\u00fcck gemacht und mit HeliBernina telefoniert. Im Tal war wohl bereits eine rechte Suppe und wir dachten es wird eh nix. Aber dann kam trotzdem das &#8222;Go&#8220;, dass sie das Netz packen und wir auch die Retouren parat machen sollen. Und so war p\u00fcnktlich um 9 der Heli da! Trotz nicht so heli\u00f6sem Wetter mit viel Wind und bereits Wolken im Tal hat es geklappt. Tausend Dank liebes HeliBernina Team. Auch f\u00fcr den Special-service, dass jemand von euch noch extra zur Apotheke gefahren ist, um uns noch was zu besorgen. Das ist nicht selbstverst\u00e4ndlich und wir wissen es sehr zu sch\u00e4tzen. <\/p>\n\n\n\n<p>Sonst haben wir heute ein bisschen auf gem\u00fctlich gemacht, Kaffee getrunken, den Rest PIzza von gestern gegessen, auf die G\u00e4stegruppe aus dem Allg\u00e4u gewartet bis wir mit dem Kochen angefangen haben. Ich haben ein bisschen B\u00fcro gemacht und mit Daniela telefoniert (Das geht immer ein bisschen l\u00e4nger ;-)). Dani hat im Keller die Holzabdeckung gestrichen mit Holzlasur, die dann hoffentlich ein bisschen wasserabweisend ist und das Holz ein bisschen l\u00e4nger sch\u00f6n aussieht. Und Anton hat Holz gehackt und macht jetzt noch s\u00fcsse Zwetschgenkn\u00f6del zum Dessert, sind wir mal gespannt, das kennen wir gar nicht. Remo ist nicht ganz so fit und hat sich ein bisschen erholt und mit dem Paracetamol der HeliBernina geht es aber schon langsam besser. Wir hoffen er ist dann bald wieder auf den Beinen \ud83d\ude42<\/p>\n\n\n\n<p>So, jetzt Daumen dr\u00fccken f\u00fcr eine Ladung Schnee \u00fcber Nacht!<\/p>","protected":false},"excerpt":{"rendered":"<p>Wenn man am Morgen beim Aufwachen als erstes die Fensterl\u00e4den klappern h\u00f6rt, deutet es nicht auf perfektes Flugwetter hin. Die Sicht war allerdings noch super. Ich habe dann f\u00fcr unsere 9 G\u00e4ste Fr\u00fchst\u00fcck gemacht und mit HeliBernina telefoniert. Im Tal<\/p>","protected":false},"author":1,"featured_media":0,"comment_status":"closed","ping_status":"closed","sticky":false,"template":"","format":"standard","meta":{"inline_featured_image":false,"footnotes":""},"categories":[1],"tags":[],"class_list":["post-7221","post","type-post","status-publish","format-standard","hentry","category-allgemein"],"_links":{"self":[{"href":"http:\/\/www.chamannajenatsch.ch\/en\/wp-json\/wp\/v2\/posts\/7221","targetHints":{"allow":["GET"]}}],"collection":[{"href":"http:\/\/www.chamannajenatsch.ch\/en\/wp-json\/wp\/v2\/posts"}],"about":[{"href":"http:\/\/www.chamannajenatsch.ch\/en\/wp-json\/wp\/v2\/types\/post"}],"author":[{"embeddable":true,"href":"http:\/\/www.chamannajenatsch.ch\/en\/wp-json\/wp\/v2\/users\/1"}],"replies":[{"embeddable":true,"href":"http:\/\/www.chamannajenatsch.ch\/en\/wp-json\/wp\/v2\/comments?post=7221"}],"version-history":[{"count":1,"href":"http:\/\/www.chamannajenatsch.ch\/en\/wp-json\/wp\/v2\/posts\/7221\/revisions"}],"predecessor-version":[{"id":7222,"href":"http:\/\/www.chamannajenatsch.ch\/en\/wp-json\/wp\/v2\/posts\/7221\/revisions\/7222"}],"wp:attachment":[{"href":"http:\/\/www.chamannajenatsch.ch\/en\/wp-json\/wp\/v2\/media?parent=7221"}],"wp:term":[{"taxonomy":"category","embeddable":true,"href":"http:\/\/www.chamannajenatsch.ch\/en\/wp-json\/wp\/v2\/categories?post=7221"},{"taxonomy":"post_tag","embeddable":true,"href":"http:\/\/www.chamannajenatsch.ch\/en\/wp-json\/wp\/v2\/tags?post=7221"}],"curies":[{"name":"wp","href":"https:\/\/api.w.org\/{rel}","templated":true}]}}