{"id":7268,"date":"2024-02-26T15:48:54","date_gmt":"2024-02-26T14:48:54","guid":{"rendered":"https:\/\/www.chamannajenatsch.ch\/?p=7268"},"modified":"2024-02-26T15:48:57","modified_gmt":"2024-02-26T14:48:57","slug":"rettungsaktion-2","status":"publish","type":"post","link":"http:\/\/www.chamannajenatsch.ch\/en\/2024\/02\/26\/rettungsaktion-2\/","title":{"rendered":"Rettungsaktion&#8230;"},"content":{"rendered":"<p>Sorry, gestern musstet ihr auf das Tagebuch verzichten. Es war mir nicht so nach schreiben zumute. <\/p>\n\n\n\n<p>Am Samstag hatten wir defitiniv unn\u00f6tige Action. Nach unserem so sch\u00f6nen Powderausflug am Morgen haben wir auf unsere G\u00e4ste gewartet. Das Wetter wurde immer schlechter und die Sicht war miserabel. Wir standen abwechselnd auf der Terasse und haben geschaut ob wir etwas h\u00f6ren oder sehen von den G\u00e4sten die zu uns aufsteigen. Irgendwann haben wir die sie dann geh\u00f6rt, aber sehen konnten wir sie nicht im starken Schneefall. Es wurde langsam dunkel&#8230; Irgendwann haben wir ein paar Stirnlampen gesehen und Stimmen geh\u00f6rt&#8230;  Wir konnten mit schreien kommunizieren&#8230; Kurzversion der Geschichte: eine Gruppe kam ersch\u00f6pft, aber selber zur H\u00fctte, eine Gruppe wurde von einer Lawine erfasst im Hang gegen\u00fcber der H\u00fctte. Sie konnten sich zwar selber befreien, eine Person war aber verletzt und konnte nicht weiterlaufen. Nat\u00fcrlich nix Flugwetter. Dani, Remo und Anton sind dann auf mit Proviant und Material und haben geholfen, die Person zur H\u00fctte zu bringen. Es war dann bereits recht sp\u00e4t, als alle in der Sicherheit der H\u00fctte waren.  Wir haben dann die ganze Nacht durch immer wieder aus dem Fenstern geschaut, bis dann irgendwann wirklich der Mond zu sehen war. Um 4 Uhr in der Nacht war der Rega Heli hier und hat die Gruppe mit der verletzten Person ausgeflogen ins Spital. Schlussendlich ist es vermutlich &#8222;nur&#8220; ein kaputtes Band bei einer Person und alle anderen, inklusive das H\u00fcttenteam haben nur eine schlaflose Nacht hinter sich und einige Nerven gebraucht. <\/p>\n\n\n\n<p>Jaa, das war unser Wochenende. Gestern waren wir dementsprechend etwas m\u00fcde und mitgenommen, hatten am Morgen eine Weile bis die K\u00fcche wieder nach K\u00fcche ausgeschaut hat (alles Ski- und Rettungsmaterial, den ganzen Abwasch des Tages, die H\u00fcttenapotheke usw.) und die Stube wieder nach Stube (Nachtlager neben dem Ofen f\u00fcr die verletzte Person). Am Abend hatten wir dann auch wieder ca. 20 G\u00e4ste zu bewirten, so dass wir schlussendlich auch den ganzen Tag auf den Beinen waren. Am sp\u00e4ten Nachmittag haben wir dann mit der Gruppe telefoniert und waren dann soweit beruhigt, dass nichts viel schlimmeres passiert war und alle unterwegs nach Hause waren. <\/p>\n\n\n\n<p>Heute haben wir wieder nur 4 G\u00e4ste und haben am Morgen wieder eine Teamrunde zum H\u00fcttenhaufen gemacht. Der ganz gute Pulver war es leider nicht mehr, da es \u00fcber Nacht richtig gewindet hat. Aber immer noch ganz anst\u00e4ndig \ud83d\ude42<\/p>","protected":false},"excerpt":{"rendered":"<p>Sorry, gestern musstet ihr auf das Tagebuch verzichten. Es war mir nicht so nach schreiben zumute. Am Samstag hatten wir defitiniv unn\u00f6tige Action. Nach unserem so sch\u00f6nen Powderausflug am Morgen haben wir auf unsere G\u00e4ste gewartet. Das Wetter wurde immer<\/p>","protected":false},"author":1,"featured_media":0,"comment_status":"closed","ping_status":"closed","sticky":false,"template":"","format":"standard","meta":{"inline_featured_image":false,"footnotes":""},"categories":[1],"tags":[],"class_list":["post-7268","post","type-post","status-publish","format-standard","hentry","category-allgemein"],"_links":{"self":[{"href":"http:\/\/www.chamannajenatsch.ch\/en\/wp-json\/wp\/v2\/posts\/7268","targetHints":{"allow":["GET"]}}],"collection":[{"href":"http:\/\/www.chamannajenatsch.ch\/en\/wp-json\/wp\/v2\/posts"}],"about":[{"href":"http:\/\/www.chamannajenatsch.ch\/en\/wp-json\/wp\/v2\/types\/post"}],"author":[{"embeddable":true,"href":"http:\/\/www.chamannajenatsch.ch\/en\/wp-json\/wp\/v2\/users\/1"}],"replies":[{"embeddable":true,"href":"http:\/\/www.chamannajenatsch.ch\/en\/wp-json\/wp\/v2\/comments?post=7268"}],"version-history":[{"count":1,"href":"http:\/\/www.chamannajenatsch.ch\/en\/wp-json\/wp\/v2\/posts\/7268\/revisions"}],"predecessor-version":[{"id":7269,"href":"http:\/\/www.chamannajenatsch.ch\/en\/wp-json\/wp\/v2\/posts\/7268\/revisions\/7269"}],"wp:attachment":[{"href":"http:\/\/www.chamannajenatsch.ch\/en\/wp-json\/wp\/v2\/media?parent=7268"}],"wp:term":[{"taxonomy":"category","embeddable":true,"href":"http:\/\/www.chamannajenatsch.ch\/en\/wp-json\/wp\/v2\/categories?post=7268"},{"taxonomy":"post_tag","embeddable":true,"href":"http:\/\/www.chamannajenatsch.ch\/en\/wp-json\/wp\/v2\/tags?post=7268"}],"curies":[{"name":"wp","href":"https:\/\/api.w.org\/{rel}","templated":true}]}}