{"id":7279,"date":"2024-02-28T19:02:07","date_gmt":"2024-02-28T18:02:07","guid":{"rendered":"https:\/\/www.chamannajenatsch.ch\/?p=7279"},"modified":"2024-02-28T19:02:09","modified_gmt":"2024-02-28T18:02:09","slug":"teamausflug-zum-dritten","status":"publish","type":"post","link":"http:\/\/www.chamannajenatsch.ch\/en\/2024\/02\/28\/teamausflug-zum-dritten\/","title":{"rendered":"Teamausflug zum Dritten"},"content":{"rendered":"<p>Heute haben wir die Traunter Ovas Runde gewagt. Da wir die Runde ja ziemlich gut kennen und das Gef\u00fchl hatten, dass der Schnee nicht soo unstabil ist, haben wir uns heute Morgen auf den Weg gemacht. Unsere zwei G\u00e4ste, die bereits hier waren, haben sich uns angeschlossen und da es sonst nur noch 8 zus\u00e4tzlich waren, konnten wir es wagen, alle zusammen raus zu gehen. Und wir waren locker vor unseren G\u00e4sten wieder zur\u00fcck \ud83d\ude09 Es war am Nachmittag dann aber auch ein Bombenwetter, so dass, ausser uns, es niemand pressant hatte zur H\u00fctte zu kommen. Am Morgen war es leider noch recht bew\u00f6lkt, so dass wir die Abfahrt plus minus im Blindflug gemacht haben. Es waren zwar eher hohe Wolken, aber die Sicht war trotzdem nicht so prickelnd. Da wir die ersten Spuren gezogen haben und es momentan im Val Bever null Steine oder Felsen mehr hat die rausschauen, ist einfach alles weiss, ohne irgendwelche Konturen. Es sind ja auch alles nur H\u00fcgel, da runter ins Val Bever, aber wenn man gar nicht weiss ob es flach oder steil wird&#8230; Der Schnee war aber hammerm\u00e4ssig gut, und wenn \u00fcberall Powder ist, f\u00e4hrt es sich immer noch gut, einfach nicht ganz so gut wie mit Sicht. Unsere 10 G\u00e4ste heute haben auf jedenfall auch alle ein Grinsen im Gesicht \ud83d\ude42<\/p>\n\n\n\n<p>Morgen kommt Remo wieder hoch und auch Claude und Berni kommen mit dem ASVZ! Die beiden geh\u00f6ren definitiv zu unseren allertreusten G\u00e4sten und wir freuen uns auf ein bisschen mehr Leben in der Bude (und der K\u00fcche) morgen \ud83d\ude42<\/p>","protected":false},"excerpt":{"rendered":"<p>Heute haben wir die Traunter Ovas Runde gewagt. Da wir die Runde ja ziemlich gut kennen und das Gef\u00fchl hatten, dass der Schnee nicht soo unstabil ist, haben wir uns heute Morgen auf den Weg gemacht. Unsere zwei G\u00e4ste, die<\/p>","protected":false},"author":1,"featured_media":0,"comment_status":"closed","ping_status":"closed","sticky":false,"template":"","format":"standard","meta":{"inline_featured_image":false,"footnotes":""},"categories":[1],"tags":[],"class_list":["post-7279","post","type-post","status-publish","format-standard","hentry","category-allgemein"],"_links":{"self":[{"href":"http:\/\/www.chamannajenatsch.ch\/en\/wp-json\/wp\/v2\/posts\/7279","targetHints":{"allow":["GET"]}}],"collection":[{"href":"http:\/\/www.chamannajenatsch.ch\/en\/wp-json\/wp\/v2\/posts"}],"about":[{"href":"http:\/\/www.chamannajenatsch.ch\/en\/wp-json\/wp\/v2\/types\/post"}],"author":[{"embeddable":true,"href":"http:\/\/www.chamannajenatsch.ch\/en\/wp-json\/wp\/v2\/users\/1"}],"replies":[{"embeddable":true,"href":"http:\/\/www.chamannajenatsch.ch\/en\/wp-json\/wp\/v2\/comments?post=7279"}],"version-history":[{"count":1,"href":"http:\/\/www.chamannajenatsch.ch\/en\/wp-json\/wp\/v2\/posts\/7279\/revisions"}],"predecessor-version":[{"id":7280,"href":"http:\/\/www.chamannajenatsch.ch\/en\/wp-json\/wp\/v2\/posts\/7279\/revisions\/7280"}],"wp:attachment":[{"href":"http:\/\/www.chamannajenatsch.ch\/en\/wp-json\/wp\/v2\/media?parent=7279"}],"wp:term":[{"taxonomy":"category","embeddable":true,"href":"http:\/\/www.chamannajenatsch.ch\/en\/wp-json\/wp\/v2\/categories?post=7279"},{"taxonomy":"post_tag","embeddable":true,"href":"http:\/\/www.chamannajenatsch.ch\/en\/wp-json\/wp\/v2\/tags?post=7279"}],"curies":[{"name":"wp","href":"https:\/\/api.w.org\/{rel}","templated":true}]}}