{"id":7281,"date":"2024-02-29T20:11:18","date_gmt":"2024-02-29T19:11:18","guid":{"rendered":"https:\/\/www.chamannajenatsch.ch\/?p=7281"},"modified":"2024-02-29T20:11:21","modified_gmt":"2024-02-29T19:11:21","slug":"teamausflug-zum-4","status":"publish","type":"post","link":"http:\/\/www.chamannajenatsch.ch\/en\/2024\/02\/29\/teamausflug-zum-4\/","title":{"rendered":"Teamausflug&#8230; zum 4."},"content":{"rendered":"<p>Und heute bei Sonnenschein und Sicht! Da f\u00e4hrt es sich schon nochmals etwas besser \ud83d\ude42 Perfekte Abfahrt vom &#8222;Huufen&#8220;. Und da wir jetzt doch schon einige Mal da oben waren, haben wir auf Anton&#8217;s Anstupf hin heute ein Gipfelbuch raufgebracht. In einer Gamelle, wie es sein sollte. Zwischen zwei Steinen eingeklemmt. Mal schauen ob wirs wieder finden nach dem n\u00e4chsten Schneefall \ud83d\ude1b <br>Es war ein kurzer aber hervorragender Spass auf jedenfall heute Morgen \ud83d\ude42<\/p>\n\n\n\n<p>Zur\u00fcck auf der H\u00fctten, kleinen H\u00fcttenwusel, Kuchen, Kaffee und Suppe verkauft an ein paar Tagesg\u00e4ste \u00fcber Mittag, selber noch ein bisschen ges\u00f6nnelet und dann Znacht vorbereiten. Ein super Tagesablauf \ud83d\ude09<\/p>\n\n\n\n<p>Mitte Nachmittag ist auch Remo wieder eingetroffen aus seinen paar Freitagen, die er aufgrund des schlechten Wetters im Tal verbracht hat. Und Claude und Berni sind mit der ASVZ Truppe eingetroffen. Die beiden sind so cool und kommen so fleissig mit den Studenten jedes Jahr. Ein anderer Bergf\u00fchrer ist heute auch noch hier und so hatten wir mal wieder eine grosse Aperorunde in der K\u00fcche, so cool. <\/p>\n\n\n\n<p>Ja, jetzt lassen wir uns vom Wochenende und der n\u00e4chsten S\u00fcdstaulage \u00fcberraschen \ud83d\ude09<\/p>","protected":false},"excerpt":{"rendered":"<p>Und heute bei Sonnenschein und Sicht! Da f\u00e4hrt es sich schon nochmals etwas besser \ud83d\ude42 Perfekte Abfahrt vom &#8222;Huufen&#8220;. Und da wir jetzt doch schon einige Mal da oben waren, haben wir auf Anton&#8217;s Anstupf hin heute ein Gipfelbuch raufgebracht.<\/p>","protected":false},"author":1,"featured_media":0,"comment_status":"closed","ping_status":"closed","sticky":false,"template":"","format":"standard","meta":{"inline_featured_image":false,"footnotes":""},"categories":[1],"tags":[],"class_list":["post-7281","post","type-post","status-publish","format-standard","hentry","category-allgemein"],"_links":{"self":[{"href":"http:\/\/www.chamannajenatsch.ch\/en\/wp-json\/wp\/v2\/posts\/7281","targetHints":{"allow":["GET"]}}],"collection":[{"href":"http:\/\/www.chamannajenatsch.ch\/en\/wp-json\/wp\/v2\/posts"}],"about":[{"href":"http:\/\/www.chamannajenatsch.ch\/en\/wp-json\/wp\/v2\/types\/post"}],"author":[{"embeddable":true,"href":"http:\/\/www.chamannajenatsch.ch\/en\/wp-json\/wp\/v2\/users\/1"}],"replies":[{"embeddable":true,"href":"http:\/\/www.chamannajenatsch.ch\/en\/wp-json\/wp\/v2\/comments?post=7281"}],"version-history":[{"count":1,"href":"http:\/\/www.chamannajenatsch.ch\/en\/wp-json\/wp\/v2\/posts\/7281\/revisions"}],"predecessor-version":[{"id":7282,"href":"http:\/\/www.chamannajenatsch.ch\/en\/wp-json\/wp\/v2\/posts\/7281\/revisions\/7282"}],"wp:attachment":[{"href":"http:\/\/www.chamannajenatsch.ch\/en\/wp-json\/wp\/v2\/media?parent=7281"}],"wp:term":[{"taxonomy":"category","embeddable":true,"href":"http:\/\/www.chamannajenatsch.ch\/en\/wp-json\/wp\/v2\/categories?post=7281"},{"taxonomy":"post_tag","embeddable":true,"href":"http:\/\/www.chamannajenatsch.ch\/en\/wp-json\/wp\/v2\/tags?post=7281"}],"curies":[{"name":"wp","href":"https:\/\/api.w.org\/{rel}","templated":true}]}}