{"id":7418,"date":"2024-03-23T15:08:34","date_gmt":"2024-03-23T14:08:34","guid":{"rendered":"https:\/\/www.chamannajenatsch.ch\/?p=7418"},"modified":"2024-03-23T15:08:37","modified_gmt":"2024-03-23T14:08:37","slug":"teamwechsel-und-besuch","status":"publish","type":"post","link":"http:\/\/www.chamannajenatsch.ch\/en\/2024\/03\/23\/teamwechsel-und-besuch\/","title":{"rendered":"Teamwechsel und Besuch"},"content":{"rendered":"<p>Sodeli, jetzt schreib ich euch wieder mal was. Gestern sind Remo und Anton am Morgen noch zum Traunter Ovas, Remo ist runtergeflogen und Anton runtergefahren. Anschliessend sind Dani und ich auch noch. Die Bedingungen waren leider nicht mehr so guuut und oben war es windgepresst und unten krustig. Wir waren jetzt aber auch verw\u00f6hnt die letzte Zeit \ud83d\ude09 <br>Dani und ich sind dann genau zusammen mit Angie und Luis zur H\u00fctte hergelaufen Anfang Nachmittag. Dann mussten wir ja auch noch was kochen, ein bisschen G\u00e4ste bedienen und pl\u00e4uderle \ud83d\ude09<\/p>\n\n\n\n<p>Heute Morgen ist Anton inst Tal f\u00fcr ein paar Tage und Julia ist wieder hochgekommen. Fliegender Wechsel \ud83d\ude09 Zudem haben wir noch Besuch von einer H\u00fcttenwartskollegin. Jetzt musste ich schnell Zeit nehmen, sonst geht das Tagebuch wieder vergessen. <\/p>\n\n\n\n<p>Ah, und hat jemand vielleicht noch einen Kamera Typ? Unsere fast neue Sony RX10, die wir im Herbst gekauft haben spinnt. Ich habe gestern noch Anton fotographiert bei der Nordabfahrt und als ich dann Remo filmen wollte und w\u00e4hrend dem filmen den Zoom bet\u00e4tigte, hiess es auf einmal Kamera aus- und einschalten und das Objektiv knatterte ganz komisch und zoomte rein und raus und rein&#8230; Jetzt macht es das non stop und beim ausschalten f\u00e4hrt das Objetkiv knatternd raus anstatt rein&#8230; \ud83d\ude41 <br>Wenn jemand das schon hatte und weiss ob es einen Trick gibt das zu beheben ohne Kamera einschicken w\u00e4re toll. Einschicken von hier oben ist halt schon sehr unpraktisch&#8230; \ud83d\ude41<\/p>","protected":false},"excerpt":{"rendered":"<p>Sodeli, jetzt schreib ich euch wieder mal was. Gestern sind Remo und Anton am Morgen noch zum Traunter Ovas, Remo ist runtergeflogen und Anton runtergefahren. Anschliessend sind Dani und ich auch noch. Die Bedingungen waren leider nicht mehr so guuut<\/p>","protected":false},"author":1,"featured_media":0,"comment_status":"closed","ping_status":"closed","sticky":false,"template":"","format":"standard","meta":{"inline_featured_image":false,"footnotes":""},"categories":[1],"tags":[],"class_list":["post-7418","post","type-post","status-publish","format-standard","hentry","category-allgemein"],"_links":{"self":[{"href":"http:\/\/www.chamannajenatsch.ch\/en\/wp-json\/wp\/v2\/posts\/7418","targetHints":{"allow":["GET"]}}],"collection":[{"href":"http:\/\/www.chamannajenatsch.ch\/en\/wp-json\/wp\/v2\/posts"}],"about":[{"href":"http:\/\/www.chamannajenatsch.ch\/en\/wp-json\/wp\/v2\/types\/post"}],"author":[{"embeddable":true,"href":"http:\/\/www.chamannajenatsch.ch\/en\/wp-json\/wp\/v2\/users\/1"}],"replies":[{"embeddable":true,"href":"http:\/\/www.chamannajenatsch.ch\/en\/wp-json\/wp\/v2\/comments?post=7418"}],"version-history":[{"count":1,"href":"http:\/\/www.chamannajenatsch.ch\/en\/wp-json\/wp\/v2\/posts\/7418\/revisions"}],"predecessor-version":[{"id":7419,"href":"http:\/\/www.chamannajenatsch.ch\/en\/wp-json\/wp\/v2\/posts\/7418\/revisions\/7419"}],"wp:attachment":[{"href":"http:\/\/www.chamannajenatsch.ch\/en\/wp-json\/wp\/v2\/media?parent=7418"}],"wp:term":[{"taxonomy":"category","embeddable":true,"href":"http:\/\/www.chamannajenatsch.ch\/en\/wp-json\/wp\/v2\/categories?post=7418"},{"taxonomy":"post_tag","embeddable":true,"href":"http:\/\/www.chamannajenatsch.ch\/en\/wp-json\/wp\/v2\/tags?post=7418"}],"curies":[{"name":"wp","href":"https:\/\/api.w.org\/{rel}","templated":true}]}}