{"id":7429,"date":"2024-03-31T17:10:58","date_gmt":"2024-03-31T15:10:58","guid":{"rendered":"https:\/\/www.chamannajenatsch.ch\/?p=7429"},"modified":"2024-03-31T17:12:38","modified_gmt":"2024-03-31T15:12:38","slug":"verrueckte-ostertage","status":"publish","type":"post","link":"http:\/\/www.chamannajenatsch.ch\/en\/2024\/03\/31\/verrueckte-ostertage\/","title":{"rendered":"Verr\u00fcckte Ostertage"},"content":{"rendered":"<p>Sodeli, jetzt sind wir alleine. Dani, C\u00e9lia, (Hund) Henry und ich, im (plusminus) warmen H\u00fcttli im Schneesturm in the middle of nowhere oder so \ud83d\ude09<br>Unsere Bergf\u00fchrer haben gestern Abend entschieden, dass ihnen der Montag dann doch zu heikel ist, um mit dem vielen Neuschnee und der steigenden Lawinengefahr mit ihren G\u00e4ste rauszulaufen und sind heute abgereist. Immerhin war gestern aber ein ganz guter Tag und es war weniger windig und die Sicht auch ganz gut. Die eine Gruppe war sogar auf dem Piz Surgonda ohne davonzufliegen \ud83d\ude09 Zum Zmittag waren alle wieder zur\u00fcck und zu dritt hatten wir dann mit einem R\u00f6sti- und Suppenalarm kurz alle H\u00e4nde voll zu tun. Dann sind die meisten aber nochmals raus und haben ein bisschen Ausbildung rund um die H\u00fctte gemacht. Erst Ende Nachmittag wurde es dann wieder ungem\u00fctlich draussen und es kamen alle wieder in die Stube. <\/p>\n\n\n\n<p>Es waren zwar nur 25 G\u00e4ste anstatt der gewollten 65 an Ostern und auch nur an zwei Tagen und nicht an 4 Tagen&#8230; F\u00fcrs Gesch\u00e4ft nicht gerade hervoragend, aber f\u00fcr die Moral waren es wenigsten zwei Ostertage mit ein bisschen Action. Wir haben Osterdessert gemacht am Freitag, heute morgen gabs Zimtschneckenh\u00e4sli und selber gef\u00e4rbte Ostereier. Es waren alle Bergf\u00fchrer und G\u00e4ste happy und es herrschte eine ausgelassene Stimmung in der Stube. Mit den Bergf\u00fchrern und Aspiranten hatten wir auch noch ganz lustige Aperorunden in der K\u00fcche und trotz des gartsigen Wetters waren es so zwei gelungene Ostertage. <\/p>\n\n\n\n<p>Das SRF Team war auch noch bei uns f\u00fcr ein paar Tage, diesmal kamen sie zu zweit und wir hatten es richtig lustig zusammen. Wir haben uns langsam an die Kamera gewohnt und das SRF Team an uns und das H\u00fcttenleben. Heute waren wir wirklich ein bisschen traurig, dass sie uns verlassen haben. Eigentlich wollten die beiden sich mit uns einschneien lassen, aber ein Familienbrunch am Montag und ein Job am Dienstag waren doch ein Grund um vor dem n\u00e4chsten Schneesturm ins Tal zu fl\u00fcchten \ud83d\ude09<\/p>\n\n\n\n<p>Remo und Luis haben gestern die Wetterberuhigung auch genutzt um ins Tal zu kommen. Eigentlich wollte Luis ja bis am Montag bleiben und Remo h\u00e4tte auch noch bis Dienstag bei uns sein sollen. Aber angesichts der Wetteraussichten und der knappen G\u00e4steanzahl haben die beiden dann entschieden, dass sie gestern Samstag das Wetterfenster nutzen. So kann Remo auch am Montag noch wider Erwarten beim Familienfest zuhause dabei sein. Seine Zeit bei uns war damit leider recht abrupt zu Ende und wir sind schon ein bisschen traurig, dass wir die letzten Wochen der Saison nun ohne ihn fertigmachen \ud83d\ude41 Remo, es war wie immer super mit dir und wir sind mega happy dass du wieder bei uns warst. Es l\u00e4uft immer wie von alleine wenn du hier bist und du kochst die besten bombastischen Suppen (und Lasagnas und Pannacottas ;-)). Tausend Dank dir f\u00fcr deinen Einsatz (und deinem Chef, der dich immer wieder frei gibt und uns vermutlich hasst) und bis bald \ud83d\ude42<br><br>Heute haben wir nach dem H\u00fcttenputz nun nicht mehr viel gemacht und nehmens gem\u00fctlich. Auch morgen werden wir noch alleine sein und somit k\u00f6nnen wir heute ein bisschen chillen und morgen dann noch etwas B\u00fcro machen und Vorbereitungen f\u00fcr die neue Woche und hoffentlich ein paar Sonnenscheintage \ud83d\ude42<\/p>\n\n\n\n<p>Happy Ostern allen!<\/p>\n\n\n\n<figure class=\"wp-block-image size-large\"><img fetchpriority=\"high\" decoding=\"async\" width=\"979\" height=\"1024\" src=\"https:\/\/www.chamannajenatsch.ch\/wp-content\/uploads\/2024\/03\/Osterhasen_Zimt-979x1024.jpeg\" alt=\"\" class=\"wp-image-7432\" srcset=\"http:\/\/www.chamannajenatsch.ch\/wp-content\/uploads\/2024\/03\/Osterhasen_Zimt-979x1024.jpeg 979w, http:\/\/www.chamannajenatsch.ch\/wp-content\/uploads\/2024\/03\/Osterhasen_Zimt-287x300.jpeg 287w, http:\/\/www.chamannajenatsch.ch\/wp-content\/uploads\/2024\/03\/Osterhasen_Zimt-768x803.jpeg 768w, http:\/\/www.chamannajenatsch.ch\/wp-content\/uploads\/2024\/03\/Osterhasen_Zimt-11x12.jpeg 11w, http:\/\/www.chamannajenatsch.ch\/wp-content\/uploads\/2024\/03\/Osterhasen_Zimt.jpeg 1182w\" sizes=\"(max-width: 979px) 100vw, 979px\" \/><\/figure>","protected":false},"excerpt":{"rendered":"<p>Sodeli, jetzt sind wir alleine. Dani, C\u00e9lia, (Hund) Henry und ich, im (plusminus) warmen H\u00fcttli im Schneesturm in the middle of nowhere oder so \ud83d\ude09Unsere Bergf\u00fchrer haben gestern Abend entschieden, dass ihnen der Montag dann doch zu heikel ist, um<\/p>","protected":false},"author":1,"featured_media":0,"comment_status":"closed","ping_status":"closed","sticky":false,"template":"","format":"standard","meta":{"inline_featured_image":false,"footnotes":""},"categories":[1],"tags":[],"class_list":["post-7429","post","type-post","status-publish","format-standard","hentry","category-allgemein"],"_links":{"self":[{"href":"http:\/\/www.chamannajenatsch.ch\/en\/wp-json\/wp\/v2\/posts\/7429","targetHints":{"allow":["GET"]}}],"collection":[{"href":"http:\/\/www.chamannajenatsch.ch\/en\/wp-json\/wp\/v2\/posts"}],"about":[{"href":"http:\/\/www.chamannajenatsch.ch\/en\/wp-json\/wp\/v2\/types\/post"}],"author":[{"embeddable":true,"href":"http:\/\/www.chamannajenatsch.ch\/en\/wp-json\/wp\/v2\/users\/1"}],"replies":[{"embeddable":true,"href":"http:\/\/www.chamannajenatsch.ch\/en\/wp-json\/wp\/v2\/comments?post=7429"}],"version-history":[{"count":2,"href":"http:\/\/www.chamannajenatsch.ch\/en\/wp-json\/wp\/v2\/posts\/7429\/revisions"}],"predecessor-version":[{"id":7433,"href":"http:\/\/www.chamannajenatsch.ch\/en\/wp-json\/wp\/v2\/posts\/7429\/revisions\/7433"}],"wp:attachment":[{"href":"http:\/\/www.chamannajenatsch.ch\/en\/wp-json\/wp\/v2\/media?parent=7429"}],"wp:term":[{"taxonomy":"category","embeddable":true,"href":"http:\/\/www.chamannajenatsch.ch\/en\/wp-json\/wp\/v2\/categories?post=7429"},{"taxonomy":"post_tag","embeddable":true,"href":"http:\/\/www.chamannajenatsch.ch\/en\/wp-json\/wp\/v2\/tags?post=7429"}],"curies":[{"name":"wp","href":"https:\/\/api.w.org\/{rel}","templated":true}]}}