{"id":7437,"date":"2024-04-02T21:53:10","date_gmt":"2024-04-02T19:53:10","guid":{"rendered":"https:\/\/www.chamannajenatsch.ch\/?p=7437"},"modified":"2024-04-02T21:53:33","modified_gmt":"2024-04-02T19:53:33","slug":"yuhu-die-sonne","status":"publish","type":"post","link":"http:\/\/www.chamannajenatsch.ch\/en\/2024\/04\/02\/yuhu-die-sonne\/","title":{"rendered":"Yuhu die Sonne :-)"},"content":{"rendered":"<p>Sie ist zur\u00fcck! Heute morgen war es noch ein bisschen bew\u00f6lkt, aber die Sonne setzte sich dann recht schnell durch und wir sahen wieder mal unsere Berge! Und die Lawinen der letzten Tage&#8230; Es war doch an ein paar Orten ordentlich was runtergekommen w\u00e4hrend dem Schneefall Sonntag\/Montag. <\/p>\n\n\n\n<p>Wir machten uns mit Henry auf den Weg zum Haufen, mussten aber beim Gletschertor umkehren, da es f\u00fcr die Hundepfoten ohne Ski doch sehr streng war. Wir Menschlis mit den Ski kamen sehr gut voran, da der Schnee doch schon etwas kompakter geworden war. Aber die Hundepfoten sanken ganz sch\u00f6n tief ein und Henry steckte bis zum Bauch im Schnee. Er war zwar mega tapfer aber wir wollten ihn ja nicht ganz kaputt machen. <\/p>\n\n\n\n<p>Am Nachmittag haben wir dann noch Online ein Webinar besucht zum Thema Reklamationen. W\u00e4hrend 4 Stunden gab es Tipps und Tricks wie man mit Reklamationen umgeht und wie man darauf reagieren soll. F\u00fcr so eine Onlineveranstaltung war es wirklich sehr gut und lehrreich, mal schauen ob wir es dann auch umsetzen k\u00f6nnen ohne uns zu viel aufzuregen&#8230; Auf dem Papier klingt es ja immer gut, aber sich nicht aufregen ist definitiv etwas anderes \ud83d\ude09<\/p>\n\n\n\n<p>Jetzt ist Anton auch wieder hier, er ist heute mit seinen Eltern und Verwandten hochgelaufen. Und morgen kommt dann auch Julia wieder und dann sind wir parat f\u00fcr ein paar hoffentlich Fullhousetage mit netten G\u00e4sten \ud83d\ude42<\/p>","protected":false},"excerpt":{"rendered":"<p>Sie ist zur\u00fcck! Heute morgen war es noch ein bisschen bew\u00f6lkt, aber die Sonne setzte sich dann recht schnell durch und wir sahen wieder mal unsere Berge! Und die Lawinen der letzten Tage&#8230; Es war doch an ein paar Orten<\/p>","protected":false},"author":1,"featured_media":0,"comment_status":"closed","ping_status":"closed","sticky":false,"template":"","format":"standard","meta":{"inline_featured_image":false,"footnotes":""},"categories":[1],"tags":[],"class_list":["post-7437","post","type-post","status-publish","format-standard","hentry","category-allgemein"],"_links":{"self":[{"href":"http:\/\/www.chamannajenatsch.ch\/en\/wp-json\/wp\/v2\/posts\/7437","targetHints":{"allow":["GET"]}}],"collection":[{"href":"http:\/\/www.chamannajenatsch.ch\/en\/wp-json\/wp\/v2\/posts"}],"about":[{"href":"http:\/\/www.chamannajenatsch.ch\/en\/wp-json\/wp\/v2\/types\/post"}],"author":[{"embeddable":true,"href":"http:\/\/www.chamannajenatsch.ch\/en\/wp-json\/wp\/v2\/users\/1"}],"replies":[{"embeddable":true,"href":"http:\/\/www.chamannajenatsch.ch\/en\/wp-json\/wp\/v2\/comments?post=7437"}],"version-history":[{"count":1,"href":"http:\/\/www.chamannajenatsch.ch\/en\/wp-json\/wp\/v2\/posts\/7437\/revisions"}],"predecessor-version":[{"id":7438,"href":"http:\/\/www.chamannajenatsch.ch\/en\/wp-json\/wp\/v2\/posts\/7437\/revisions\/7438"}],"wp:attachment":[{"href":"http:\/\/www.chamannajenatsch.ch\/en\/wp-json\/wp\/v2\/media?parent=7437"}],"wp:term":[{"taxonomy":"category","embeddable":true,"href":"http:\/\/www.chamannajenatsch.ch\/en\/wp-json\/wp\/v2\/categories?post=7437"},{"taxonomy":"post_tag","embeddable":true,"href":"http:\/\/www.chamannajenatsch.ch\/en\/wp-json\/wp\/v2\/tags?post=7437"}],"curies":[{"name":"wp","href":"https:\/\/api.w.org\/{rel}","templated":true}]}}