{"id":7472,"date":"2024-04-08T17:33:04","date_gmt":"2024-04-08T15:33:04","guid":{"rendered":"https:\/\/www.chamannajenatsch.ch\/?p=7472"},"modified":"2024-04-08T17:33:06","modified_gmt":"2024-04-08T15:33:06","slug":"mueuede","status":"publish","type":"post","link":"http:\/\/www.chamannajenatsch.ch\/en\/2024\/04\/08\/mueuede\/","title":{"rendered":"M\u00fc\u00fcde"},"content":{"rendered":"<p>Puuh, heute ist ein m\u00fcder Tag, zumindest bei mir \ud83d\ude09 Die letzten Tage waren lang und streng von 6 Uhr morgens bis nach 22 Uhr Abends st\u00e4ndig auf den Beinen. Heute war es tags\u00fcber aber etwas ruhiger als die letzten Tage und wir konnten nach dem H\u00fcttenwusel etwa eine Stunde s\u00f6nnele. Und es gab auch weniger Tagesk\u00fcche, so dass alles etwas gem\u00fctlicher verl\u00e4uft. <\/p>\n\n\n\n<p>Die n\u00e4chsten 3 Tage sind auch etwas ruhiger, aber daf\u00fcr geht Anton nochmals ein paar Tage ins Frei und dann sind wir nur zu dritt. Also auch nicht weniger streng \ud83d\ude09 Aber ja auch sch\u00f6n, dass jetzt noch etwas l\u00e4uft. Gepl\u00e4uschlet haben wir ja eigentlich genug lang \ud83d\ude09 <br><br>Sodeli, jetzt wird eine Runde gekocht. Hasta mananan!<\/p>","protected":false},"excerpt":{"rendered":"<p>Puuh, heute ist ein m\u00fcder Tag, zumindest bei mir \ud83d\ude09 Die letzten Tage waren lang und streng von 6 Uhr morgens bis nach 22 Uhr Abends st\u00e4ndig auf den Beinen. Heute war es tags\u00fcber aber etwas ruhiger als die letzten<\/p>","protected":false},"author":1,"featured_media":0,"comment_status":"closed","ping_status":"closed","sticky":false,"template":"","format":"standard","meta":{"inline_featured_image":false,"footnotes":""},"categories":[1],"tags":[],"class_list":["post-7472","post","type-post","status-publish","format-standard","hentry","category-allgemein"],"_links":{"self":[{"href":"http:\/\/www.chamannajenatsch.ch\/en\/wp-json\/wp\/v2\/posts\/7472","targetHints":{"allow":["GET"]}}],"collection":[{"href":"http:\/\/www.chamannajenatsch.ch\/en\/wp-json\/wp\/v2\/posts"}],"about":[{"href":"http:\/\/www.chamannajenatsch.ch\/en\/wp-json\/wp\/v2\/types\/post"}],"author":[{"embeddable":true,"href":"http:\/\/www.chamannajenatsch.ch\/en\/wp-json\/wp\/v2\/users\/1"}],"replies":[{"embeddable":true,"href":"http:\/\/www.chamannajenatsch.ch\/en\/wp-json\/wp\/v2\/comments?post=7472"}],"version-history":[{"count":1,"href":"http:\/\/www.chamannajenatsch.ch\/en\/wp-json\/wp\/v2\/posts\/7472\/revisions"}],"predecessor-version":[{"id":7473,"href":"http:\/\/www.chamannajenatsch.ch\/en\/wp-json\/wp\/v2\/posts\/7472\/revisions\/7473"}],"wp:attachment":[{"href":"http:\/\/www.chamannajenatsch.ch\/en\/wp-json\/wp\/v2\/media?parent=7472"}],"wp:term":[{"taxonomy":"category","embeddable":true,"href":"http:\/\/www.chamannajenatsch.ch\/en\/wp-json\/wp\/v2\/categories?post=7472"},{"taxonomy":"post_tag","embeddable":true,"href":"http:\/\/www.chamannajenatsch.ch\/en\/wp-json\/wp\/v2\/tags?post=7472"}],"curies":[{"name":"wp","href":"https:\/\/api.w.org\/{rel}","templated":true}]}}