{"id":7505,"date":"2024-04-17T18:19:12","date_gmt":"2024-04-17T16:19:12","guid":{"rendered":"https:\/\/www.chamannajenatsch.ch\/?p=7505"},"modified":"2024-04-17T18:19:14","modified_gmt":"2024-04-17T16:19:14","slug":"new-powder","status":"publish","type":"post","link":"http:\/\/www.chamannajenatsch.ch\/en\/2024\/04\/17\/new-powder\/","title":{"rendered":"New Powder"},"content":{"rendered":"<p>Es schneit, welch eine Neuigkeit \ud83d\ude09 Langsam haben wir es also gesehen! Obwohl wir Schnee ja lieben \ud83d\ude42 <br>Viel hat es nicht gegeben, so 10 cm vielleicht. Es ist also alles wieder sch\u00f6n weiss. Und die Abmeldungen f\u00fcrs Wochenende kommen fleissig eine nach der anderen. Auch irgendwie verst\u00e4ndlich&#8230; Wir w\u00fcrden vermutlich auch lieber ins Tessin klettern gehen, wie bei halbtollem Wetter nochmals auf die Ski&#8230; Aber es w\u00e4re auch noch eine Gelegenheit f\u00fcr Pulver!! Unser treuer Bergf\u00fchrer Remo kommt auf jedenfall nochmals mit 4 Gs\u00e4te zu uns f\u00fcr ein paar Tage! So k\u00f6nnen wir uns auf morgen freuen \ud83d\ude42<\/p>\n\n\n\n<p>Und wir sind am \u00fcberlegen was wir machen&#8230; Doch Gas geben und bereits am Sonntag schliessen und am Montag? Oder schliessen und gem\u00fctlcih noch 1-2 Skitouren machen und am Donnerstag raus? Oder noch ausharren bis zum Schluss und n\u00e4chstes Wochenende noch machen? Wir waren ja eigentlich schon motiviert f\u00fcr eine Woche mehr, aber nun sind wir bereits zwei Tage alleine, dieses Wochenende kommen maximal 30 G\u00e4ste zusammen an 3 Tagen und nachher w\u00e4ren wir nach aktuellem Stand wieder 5! Tage alleine f\u00fcr nochmals 16 G\u00e4ste am Freitag\/Samstag&#8230; Und das ja dann auch nur, wenn das Wetter passt&#8230; Auf die Kollegen vom SRF m\u00fcssen wir auch noch R\u00fccksicht nehmen, da die verst\u00e4ndlicherweise nicht jeden Tag Zeit haben nur f\u00fcr uns&#8230; Nuje, mal schauen&#8230; \ud83d\ude09 Wir hatten ja schon gehofft, dass es in zwei Wochen vielleicht wenigstens noch 2-3 sonnige Tage geben w\u00fcrde, aber irgendwie sieht es tendenziell nicht so aus&#8230; <\/p>","protected":false},"excerpt":{"rendered":"<p>Es schneit, welch eine Neuigkeit \ud83d\ude09 Langsam haben wir es also gesehen! Obwohl wir Schnee ja lieben \ud83d\ude42 Viel hat es nicht gegeben, so 10 cm vielleicht. Es ist also alles wieder sch\u00f6n weiss. Und die Abmeldungen f\u00fcrs Wochenende kommen<\/p>","protected":false},"author":1,"featured_media":0,"comment_status":"closed","ping_status":"closed","sticky":false,"template":"","format":"standard","meta":{"inline_featured_image":false,"footnotes":""},"categories":[1],"tags":[],"class_list":["post-7505","post","type-post","status-publish","format-standard","hentry","category-allgemein"],"_links":{"self":[{"href":"http:\/\/www.chamannajenatsch.ch\/en\/wp-json\/wp\/v2\/posts\/7505","targetHints":{"allow":["GET"]}}],"collection":[{"href":"http:\/\/www.chamannajenatsch.ch\/en\/wp-json\/wp\/v2\/posts"}],"about":[{"href":"http:\/\/www.chamannajenatsch.ch\/en\/wp-json\/wp\/v2\/types\/post"}],"author":[{"embeddable":true,"href":"http:\/\/www.chamannajenatsch.ch\/en\/wp-json\/wp\/v2\/users\/1"}],"replies":[{"embeddable":true,"href":"http:\/\/www.chamannajenatsch.ch\/en\/wp-json\/wp\/v2\/comments?post=7505"}],"version-history":[{"count":1,"href":"http:\/\/www.chamannajenatsch.ch\/en\/wp-json\/wp\/v2\/posts\/7505\/revisions"}],"predecessor-version":[{"id":7506,"href":"http:\/\/www.chamannajenatsch.ch\/en\/wp-json\/wp\/v2\/posts\/7505\/revisions\/7506"}],"wp:attachment":[{"href":"http:\/\/www.chamannajenatsch.ch\/en\/wp-json\/wp\/v2\/media?parent=7505"}],"wp:term":[{"taxonomy":"category","embeddable":true,"href":"http:\/\/www.chamannajenatsch.ch\/en\/wp-json\/wp\/v2\/categories?post=7505"},{"taxonomy":"post_tag","embeddable":true,"href":"http:\/\/www.chamannajenatsch.ch\/en\/wp-json\/wp\/v2\/tags?post=7505"}],"curies":[{"name":"wp","href":"https:\/\/api.w.org\/{rel}","templated":true}]}}