{"id":7583,"date":"2024-04-24T20:29:06","date_gmt":"2024-04-24T18:29:06","guid":{"rendered":"https:\/\/www.chamannajenatsch.ch\/?p=7583"},"modified":"2024-04-24T20:29:09","modified_gmt":"2024-04-24T18:29:09","slug":"raetselstunde-zum-abschied","status":"publish","type":"post","link":"http:\/\/www.chamannajenatsch.ch\/en\/2024\/04\/24\/raetselstunde-zum-abschied\/","title":{"rendered":"R\u00e4tselstunde zum Abschied"},"content":{"rendered":"<p>Langsam aber sicher geht die Wintersaison zu Ende&#8230; Nun war auch gestern Julia&#8217;s letzter Tag bei uns. Sie hat nochmals Gas gegeben und den Rest der To Do Liste der Putzarbeiten erledigt. Am Abend haben wir gem\u00fctlich mit unseren zwei G\u00e4sten (altbekannter Bergf\u00fchrer Remo) Znacht gegessen in der Stube und nachher hatten wir auch noch eine lustige K\u00fcchenrunde mit dem letzten Eierlik\u00f6r von Angie \ud83d\ude42 Obwohl wir ja nicht so viel Arbeit hatten, waren wir ziemlich sp\u00e4t im Bett schlussendlich. Ein bisschen Quasseln und wir hatten in einer alten Zeitung die noch rumlag ein WOZ R\u00e4tsel entdeckt. Ein Um-die-Ecke-gedacht-R\u00e4tsel oder wie auch immer die heissen. Am Anfang dachten wir: ja nein, also, das kann ja kein Mensch wissen, das sind sooo absurde Fragenstellungen! Aber irgendwie hat es uns dann doch gefuchst, Remo hat auch noch geholfen und schlussendlich hatten wir bis auf 1-2 W\u00f6rter alles gefunden. <\/p>\n\n\n\n<p>Heute morgen haben wir dann zeitig gefr\u00fchst\u00fcckt und sind plusminus alle zusammen los bis zum Gletscherseeli. Remo und Beni sind dann Richtung Surgonda, Julia \u00fcber die Fuorcla d&#8217;Agnel Richtung &#8222;nach Hause&#8220; und Dani und ich Richtung Tschima da Flix. Julia ist leider noch in der Suppe abgefahren, wir anderen vier hatten mega Gl\u00fcck und es hat aufgezogen, so dass wir f\u00fcr die Abfahrt Sonne und richtig gute Sicht hatten. <\/p>\n\n\n\n<p>Julia hat dann immerhin unten am Julierpass noch ein Murmeli gesehen! Sie hatte sich die ganze Zeit gefreut, unseren Hansi zu sehen wenn er dann (meistens so Mitte April) das erste Mal aus seinem Bau kommt. Aber Hansi hat sich angesichts der Schneemenge und des kalten Wetters noch einmal umgedreht im Schlaf und ist noch nicht rausgekommen. Julia, du musst nun halt im Sommer Hansi mal besuchen kommen \ud83d\ude09 Nun dir aber zuerst gute Erholung und gutes Packen f\u00fcr deine Veloreise in den hohen Norden! Vielen Dank f\u00fcr die gute Zeit bei uns in der K\u00fcche \ud83d\ude42<br><\/p>","protected":false},"excerpt":{"rendered":"<p>Langsam aber sicher geht die Wintersaison zu Ende&#8230; Nun war auch gestern Julia&#8217;s letzter Tag bei uns. Sie hat nochmals Gas gegeben und den Rest der To Do Liste der Putzarbeiten erledigt. Am Abend haben wir gem\u00fctlich mit unseren zwei<\/p>","protected":false},"author":1,"featured_media":0,"comment_status":"closed","ping_status":"closed","sticky":false,"template":"","format":"standard","meta":{"inline_featured_image":false,"footnotes":""},"categories":[1],"tags":[],"class_list":["post-7583","post","type-post","status-publish","format-standard","hentry","category-allgemein"],"_links":{"self":[{"href":"http:\/\/www.chamannajenatsch.ch\/en\/wp-json\/wp\/v2\/posts\/7583","targetHints":{"allow":["GET"]}}],"collection":[{"href":"http:\/\/www.chamannajenatsch.ch\/en\/wp-json\/wp\/v2\/posts"}],"about":[{"href":"http:\/\/www.chamannajenatsch.ch\/en\/wp-json\/wp\/v2\/types\/post"}],"author":[{"embeddable":true,"href":"http:\/\/www.chamannajenatsch.ch\/en\/wp-json\/wp\/v2\/users\/1"}],"replies":[{"embeddable":true,"href":"http:\/\/www.chamannajenatsch.ch\/en\/wp-json\/wp\/v2\/comments?post=7583"}],"version-history":[{"count":1,"href":"http:\/\/www.chamannajenatsch.ch\/en\/wp-json\/wp\/v2\/posts\/7583\/revisions"}],"predecessor-version":[{"id":7584,"href":"http:\/\/www.chamannajenatsch.ch\/en\/wp-json\/wp\/v2\/posts\/7583\/revisions\/7584"}],"wp:attachment":[{"href":"http:\/\/www.chamannajenatsch.ch\/en\/wp-json\/wp\/v2\/media?parent=7583"}],"wp:term":[{"taxonomy":"category","embeddable":true,"href":"http:\/\/www.chamannajenatsch.ch\/en\/wp-json\/wp\/v2\/categories?post=7583"},{"taxonomy":"post_tag","embeddable":true,"href":"http:\/\/www.chamannajenatsch.ch\/en\/wp-json\/wp\/v2\/tags?post=7583"}],"curies":[{"name":"wp","href":"https:\/\/api.w.org\/{rel}","templated":true}]}}