{"id":7585,"date":"2024-04-25T21:22:23","date_gmt":"2024-04-25T19:22:23","guid":{"rendered":"https:\/\/www.chamannajenatsch.ch\/?p=7585"},"modified":"2024-04-25T21:22:27","modified_gmt":"2024-04-25T19:22:27","slug":"zweite-runde","status":"publish","type":"post","link":"http:\/\/www.chamannajenatsch.ch\/en\/2024\/04\/25\/zweite-runde\/","title":{"rendered":"Zweite Runde"},"content":{"rendered":"<p>Weils gestern so sch\u00f6n war, haben wir die Tschima Runde heute direkt nochmals gemacht \ud83d\ude42 Krass wie anderes es aussieht bei Sonnenschein oder im Nebel. Die Mystik war weg, daf\u00fcr die Aussicht zur\u00fcck \ud83d\ude42 Und es ist einfach auch immer sch\u00f6n mit Aussicht. Aber die Wechten am Grat sahen gestern im Nebel bedeutend beeindruckender aus als heute. So haben eben jede Tage und jedes Wetter ihre anderen Aspekte und es waren beide Tage wirklich super. Trotz Sonne war es heute am Grat und Gipfel viel k\u00e4lter als gestern. Wir haben am Gipfel unsere G\u00e4ste getroffen, kurz gepl\u00e4uderlet und dann nochmals die super Abfahrt zur\u00fcck zur H\u00fctte genossen. F\u00fcr diese Jahr wohl die letzte Pulverrunde am Vadret Calderas \ud83d\ude41 Obwohl wir uns aufs Tal freuen (vom Gipfel aus hat man heute gr\u00fcne Wiesen gesehen, ganz crazy wenn man 10 Wochen lang nur weiss und schwarz gesehen hat), f\u00fchlt es sich dann doch ein bisschen traurig an, unseren lieben Schnee zu verlassen. Wir haben sooo viele Powderrunden gedreht diesen Winter, am Haufen, am Traunter Ovas und jetzt diese Tage noch an der Tschima! Und es ist wirklich immer noch tiefer Winter hier. Da ist es schon komisch, sich in den Fr\u00fchling zu verabschieden. <\/p>\n\n\n\n<p>Aber leider ist das sch\u00f6ne Wetterfenster auch schon wieder vorbei und das Wochenende sieht nicht mehr so gut aus und dementsprechend haben sich auch viele wieder abgemeldet. Von den 35 sind es nur noch die H\u00e4lfte ca. aber nuje, ein gem\u00fctlicher Abschluss f\u00fcr uns \ud83d\ude09 Also, doch ein guter Zeitpunkt zum nach Hause zu gehen \ud83d\ude09<\/p>","protected":false},"excerpt":{"rendered":"<p>Weils gestern so sch\u00f6n war, haben wir die Tschima Runde heute direkt nochmals gemacht \ud83d\ude42 Krass wie anderes es aussieht bei Sonnenschein oder im Nebel. Die Mystik war weg, daf\u00fcr die Aussicht zur\u00fcck \ud83d\ude42 Und es ist einfach auch immer<\/p>","protected":false},"author":1,"featured_media":0,"comment_status":"closed","ping_status":"closed","sticky":false,"template":"","format":"standard","meta":{"inline_featured_image":false,"footnotes":""},"categories":[1],"tags":[],"class_list":["post-7585","post","type-post","status-publish","format-standard","hentry","category-allgemein"],"_links":{"self":[{"href":"http:\/\/www.chamannajenatsch.ch\/en\/wp-json\/wp\/v2\/posts\/7585","targetHints":{"allow":["GET"]}}],"collection":[{"href":"http:\/\/www.chamannajenatsch.ch\/en\/wp-json\/wp\/v2\/posts"}],"about":[{"href":"http:\/\/www.chamannajenatsch.ch\/en\/wp-json\/wp\/v2\/types\/post"}],"author":[{"embeddable":true,"href":"http:\/\/www.chamannajenatsch.ch\/en\/wp-json\/wp\/v2\/users\/1"}],"replies":[{"embeddable":true,"href":"http:\/\/www.chamannajenatsch.ch\/en\/wp-json\/wp\/v2\/comments?post=7585"}],"version-history":[{"count":1,"href":"http:\/\/www.chamannajenatsch.ch\/en\/wp-json\/wp\/v2\/posts\/7585\/revisions"}],"predecessor-version":[{"id":7586,"href":"http:\/\/www.chamannajenatsch.ch\/en\/wp-json\/wp\/v2\/posts\/7585\/revisions\/7586"}],"wp:attachment":[{"href":"http:\/\/www.chamannajenatsch.ch\/en\/wp-json\/wp\/v2\/media?parent=7585"}],"wp:term":[{"taxonomy":"category","embeddable":true,"href":"http:\/\/www.chamannajenatsch.ch\/en\/wp-json\/wp\/v2\/categories?post=7585"},{"taxonomy":"post_tag","embeddable":true,"href":"http:\/\/www.chamannajenatsch.ch\/en\/wp-json\/wp\/v2\/tags?post=7585"}],"curies":[{"name":"wp","href":"https:\/\/api.w.org\/{rel}","templated":true}]}}