{"id":7587,"date":"2024-04-26T18:17:26","date_gmt":"2024-04-26T16:17:26","guid":{"rendered":"https:\/\/www.chamannajenatsch.ch\/?p=7587"},"modified":"2024-04-26T18:17:27","modified_gmt":"2024-04-26T16:17:27","slug":"bilanz","status":"publish","type":"post","link":"http:\/\/www.chamannajenatsch.ch\/en\/2024\/04\/26\/bilanz\/","title":{"rendered":"Bilanz"},"content":{"rendered":"<p>Sodeli, jetzt ist unsere f\u00fcnfte Wintersaison dann auch bald Geschichte. Morgen noch die letzten G\u00e4ste bewirten, Sonntag aufr\u00e4umen und Montag morgen raus (mit SRF Begleitung ;-)). Es war wieder ein auf und ab Winter. Irgendwie \u00e4hnlich wie letztes Jahr und doch so anders. Es war g\u00e4stem\u00e4ssig ein durchzogener Winter aber schneem\u00e4ssig ein Hammerwinter. So viel Powder! Und das vor der Haust\u00fcre \ud83d\ude09<\/p>\n\n\n\n<p>Jetzt freuen wir uns aber trotzdem auf den Fr\u00fchling. Das Wetter sieht immer noch nicht nach stabilem Hoch aus, also verpassen wir n\u00e4chste Woche nicht so viel hier oben. <\/p>\n\n\n\n<p>Und ja, nun sind unsere 5 Jahre als H\u00fcttenwarte vorbei. Vor etwa genau 5 Jahren, Anfang Mai 2019, haben wir die Schl\u00fcssel von Claudia und Fridli \u00fcbernommen. Und 5 Jahre waren unser Ziel damals. Die sind nun um, aber nein, wir verabschieden uns noch nicht von der Jenatsch \ud83d\ude09 Es ist nicht immer einfach hier oben, aber die positiven Aspekte \u00fcberwiegen im Moment doch deutlich f\u00fcr uns. Wir haben so viele nette Leute hier oben kennen gelernt und die Arbeit macht deutlich mehr Spass als fr\u00fcher im B\u00fcro. Auch wenn es manchmal Durchh\u00e4nger gibt und ab und zu schwierige G\u00e4ste oder Uneinigkeiten mit der Sektion einem das Leben schwer machen. Aber in welchem Job hat man nicht ab und zu schwierige Situationen zu meistern?<\/p>\n\n\n\n<p>Also, in dem Sinn machen wir nun Nachtessen f\u00fcr unsere tapferen 6 G\u00e4ste die heute bei uns sind und ich melde mich morgen oder am Sonntag aber nochmals zum Abschluss \ud83d\ude09<\/p>\n\n\n\n<p><\/p>","protected":false},"excerpt":{"rendered":"<p>Sodeli, jetzt ist unsere f\u00fcnfte Wintersaison dann auch bald Geschichte. Morgen noch die letzten G\u00e4ste bewirten, Sonntag aufr\u00e4umen und Montag morgen raus (mit SRF Begleitung ;-)). Es war wieder ein auf und ab Winter. Irgendwie \u00e4hnlich wie letztes Jahr und<\/p>","protected":false},"author":1,"featured_media":0,"comment_status":"closed","ping_status":"closed","sticky":false,"template":"","format":"standard","meta":{"inline_featured_image":false,"footnotes":""},"categories":[1],"tags":[],"class_list":["post-7587","post","type-post","status-publish","format-standard","hentry","category-allgemein"],"_links":{"self":[{"href":"http:\/\/www.chamannajenatsch.ch\/en\/wp-json\/wp\/v2\/posts\/7587","targetHints":{"allow":["GET"]}}],"collection":[{"href":"http:\/\/www.chamannajenatsch.ch\/en\/wp-json\/wp\/v2\/posts"}],"about":[{"href":"http:\/\/www.chamannajenatsch.ch\/en\/wp-json\/wp\/v2\/types\/post"}],"author":[{"embeddable":true,"href":"http:\/\/www.chamannajenatsch.ch\/en\/wp-json\/wp\/v2\/users\/1"}],"replies":[{"embeddable":true,"href":"http:\/\/www.chamannajenatsch.ch\/en\/wp-json\/wp\/v2\/comments?post=7587"}],"version-history":[{"count":1,"href":"http:\/\/www.chamannajenatsch.ch\/en\/wp-json\/wp\/v2\/posts\/7587\/revisions"}],"predecessor-version":[{"id":7588,"href":"http:\/\/www.chamannajenatsch.ch\/en\/wp-json\/wp\/v2\/posts\/7587\/revisions\/7588"}],"wp:attachment":[{"href":"http:\/\/www.chamannajenatsch.ch\/en\/wp-json\/wp\/v2\/media?parent=7587"}],"wp:term":[{"taxonomy":"category","embeddable":true,"href":"http:\/\/www.chamannajenatsch.ch\/en\/wp-json\/wp\/v2\/categories?post=7587"},{"taxonomy":"post_tag","embeddable":true,"href":"http:\/\/www.chamannajenatsch.ch\/en\/wp-json\/wp\/v2\/tags?post=7587"}],"curies":[{"name":"wp","href":"https:\/\/api.w.org\/{rel}","templated":true}]}}