{"id":7670,"date":"2024-06-26T17:32:25","date_gmt":"2024-06-26T15:32:25","guid":{"rendered":"https:\/\/www.chamannajenatsch.ch\/?p=7670"},"modified":"2024-06-26T17:32:28","modified_gmt":"2024-06-26T15:32:28","slug":"verrueckte-hollaender","status":"publish","type":"post","link":"http:\/\/www.chamannajenatsch.ch\/en\/2024\/06\/26\/verrueckte-hollaender\/","title":{"rendered":"Verr\u00fcckte Holl\u00e4nder ;-)"},"content":{"rendered":"<p>Der Abend gestern brachte uns noch eine kleine \u00dcberraschung. Gegen 5 sind Dani und ich schnell raus und wollten schauen ob unsere fehlenden G\u00e4ste in Sicht sind. Und was steht auf der Terrasse: 2 Bikes und 2 Holl\u00e4nder! Die 11er Gruppe die angemeldet war! 11 Holl\u00e4nder auf dem Bike! Wir haben ja nicht viele Biker und dann noch Anfang Saison und direkt 11 davon. Ganz sch\u00f6n motiviert war die Truppe! Sie waren morgens bereits die andere Seite vom Berninapass gestartet und hatten auch die Tage vorher schon viel \u00fcber Schnee geschoben. Wir dachten, puuh, ob das wirklich Spass macht! Aber sie kamen gut gelaunt und voller Freude \u00fcber die sch\u00f6ne Bergwelt bei uns an, tranken viel alkoholfreies Weissbier und mampften noch mehr Suppe und Pasta \ud83d\ude42 So eine lustige Truppe. <br>Und auch die beiden anderen G\u00e4ste kamen rechtzeitig zum Znacht an von der Es-cha. Also alle happy \ud83d\ude42<br>Die Schulklasse hatte heute Morgen auch noch relativ Gl\u00fcck mit dem Wetter und sind plusminus trocken zur Tschima und zur\u00fcck zur H\u00fctte. Das beste Erlebnis war wohl das Abrutschen auf dem &#8222;F\u00fcdli&#8220; die letzten Schneefelder. Das werden einige (auch die LehrerInnen und die Bergf\u00fchrerInnen) noch lange in Erinnerung halten. So cool! Jetzt gibts zur Belohnung \u00c4lpler \ud83d\ude09 <\/p>","protected":false},"excerpt":{"rendered":"<p>Der Abend gestern brachte uns noch eine kleine \u00dcberraschung. Gegen 5 sind Dani und ich schnell raus und wollten schauen ob unsere fehlenden G\u00e4ste in Sicht sind. Und was steht auf der Terrasse: 2 Bikes und 2 Holl\u00e4nder! Die 11er<\/p>","protected":false},"author":1,"featured_media":0,"comment_status":"closed","ping_status":"closed","sticky":false,"template":"","format":"standard","meta":{"inline_featured_image":false,"footnotes":""},"categories":[1],"tags":[],"class_list":["post-7670","post","type-post","status-publish","format-standard","hentry","category-allgemein"],"_links":{"self":[{"href":"http:\/\/www.chamannajenatsch.ch\/en\/wp-json\/wp\/v2\/posts\/7670","targetHints":{"allow":["GET"]}}],"collection":[{"href":"http:\/\/www.chamannajenatsch.ch\/en\/wp-json\/wp\/v2\/posts"}],"about":[{"href":"http:\/\/www.chamannajenatsch.ch\/en\/wp-json\/wp\/v2\/types\/post"}],"author":[{"embeddable":true,"href":"http:\/\/www.chamannajenatsch.ch\/en\/wp-json\/wp\/v2\/users\/1"}],"replies":[{"embeddable":true,"href":"http:\/\/www.chamannajenatsch.ch\/en\/wp-json\/wp\/v2\/comments?post=7670"}],"version-history":[{"count":1,"href":"http:\/\/www.chamannajenatsch.ch\/en\/wp-json\/wp\/v2\/posts\/7670\/revisions"}],"predecessor-version":[{"id":7671,"href":"http:\/\/www.chamannajenatsch.ch\/en\/wp-json\/wp\/v2\/posts\/7670\/revisions\/7671"}],"wp:attachment":[{"href":"http:\/\/www.chamannajenatsch.ch\/en\/wp-json\/wp\/v2\/media?parent=7670"}],"wp:term":[{"taxonomy":"category","embeddable":true,"href":"http:\/\/www.chamannajenatsch.ch\/en\/wp-json\/wp\/v2\/categories?post=7670"},{"taxonomy":"post_tag","embeddable":true,"href":"http:\/\/www.chamannajenatsch.ch\/en\/wp-json\/wp\/v2\/tags?post=7670"}],"curies":[{"name":"wp","href":"https:\/\/api.w.org\/{rel}","templated":true}]}}