{"id":7672,"date":"2024-06-27T17:54:53","date_gmt":"2024-06-27T15:54:53","guid":{"rendered":"https:\/\/www.chamannajenatsch.ch\/?p=7672"},"modified":"2024-06-27T17:56:41","modified_gmt":"2024-06-27T15:56:41","slug":"aelpler","status":"publish","type":"post","link":"http:\/\/www.chamannajenatsch.ch\/en\/2024\/06\/27\/aelpler\/","title":{"rendered":"\u00c4lpler"},"content":{"rendered":"<p>Manchmal ist es so einfach, Menschen gl\u00fccklich zu machen. Wie gestern Abend. Was kocht man zum Nachtessen, wenn man eine Schulklasse hier hat? Junge Menschen, von denen viele an dem Tag das erste Mal Steigeisen oder Schneeschuhe anhatten, mit einem Bergf\u00fchrer unterwegs waren in einer Seilschaft, auf einem 3000er standen und in einem Massenlager auf einer Bergh\u00fctte \u00fcbernachten? Nat\u00fcrlich: \u00c4lpler Maggronen! Und selstverst\u00e4ndlich haben wir damit den Volltreffer gelandet. So gab es Gejubel f\u00fcr Dani als er den Hauptgang brachte, ein Applaus f\u00fcr uns beide nach dem Nachtessen (f\u00fcr das Essen der drei Tage, nicht nur f\u00fcr die \u00c4lpler ;-)) und eine Erw\u00e4hnung der feinen \u00c4lpler im H\u00fcttenbuch! So cool! <\/p>\n\n\n\n<p>Heute Morgen nun sind sie abgereist und fahren noch f\u00fcr einen Tag nach Chiavenna, eine warme Dusche und ein bisschen Stadt bevor es wieder nach Hause geht \ud83d\ude09<\/p>\n\n\n\n<p>Wir haben heute nur 4 G\u00e4ste und daf\u00fcr tags\u00fcber wieder ein bisschen mehr Zeit f\u00fcr verschiedenes. Rechnungen zahlen, diverse administrative Fragen, Saunapool abdichten usw. <\/p>\n\n\n\n<p>Jetzt ist heute Abend unser letzter Abend zu zweit am K\u00fcchentisch. Verr\u00fcckt, oder, das wird vermutlich das letzte Mal sein, dass Dani und ich alleine, zu zweit zusammen Znacht essen bis Ende Oktober! Dazwischen werden wir n\u00e4mlich immer H\u00fcttenhilfen hier oben haben oder einer von uns wird im Tal sein. Aber wir freuen uns auch auf die Zeit, morgen kommt n\u00e4mlich Luis hoch!  Er wird bis Anfang September bei uns bleiben \ud83d\ude42 Einen guten Aufstieg und bis morgen Luis \ud83d\ude42 <br>N\u00e4chste Woche kommt dann auch Alicia hoch f\u00fcr Juli-August und im September wird uns Nici wieder f\u00fcr den Herbst unterst\u00fctzten kommen.  Und dazwischen haben wir noch Ladina, Sophia und Max die je ca. eine Woche helfen kommen. Bis auf Max sind alles bereits Mitglieder der Jenatschfamily und wir freuen uns mega auf den Sommer mit euch \ud83d\ude42<\/p>","protected":false},"excerpt":{"rendered":"<p>Manchmal ist es so einfach, Menschen gl\u00fccklich zu machen. Wie gestern Abend. Was kocht man zum Nachtessen, wenn man eine Schulklasse hier hat? Junge Menschen, von denen viele an dem Tag das erste Mal Steigeisen oder Schneeschuhe anhatten, mit einem<\/p>","protected":false},"author":1,"featured_media":0,"comment_status":"closed","ping_status":"closed","sticky":false,"template":"","format":"standard","meta":{"inline_featured_image":false,"footnotes":""},"categories":[1],"tags":[],"class_list":["post-7672","post","type-post","status-publish","format-standard","hentry","category-allgemein"],"_links":{"self":[{"href":"http:\/\/www.chamannajenatsch.ch\/en\/wp-json\/wp\/v2\/posts\/7672","targetHints":{"allow":["GET"]}}],"collection":[{"href":"http:\/\/www.chamannajenatsch.ch\/en\/wp-json\/wp\/v2\/posts"}],"about":[{"href":"http:\/\/www.chamannajenatsch.ch\/en\/wp-json\/wp\/v2\/types\/post"}],"author":[{"embeddable":true,"href":"http:\/\/www.chamannajenatsch.ch\/en\/wp-json\/wp\/v2\/users\/1"}],"replies":[{"embeddable":true,"href":"http:\/\/www.chamannajenatsch.ch\/en\/wp-json\/wp\/v2\/comments?post=7672"}],"version-history":[{"count":2,"href":"http:\/\/www.chamannajenatsch.ch\/en\/wp-json\/wp\/v2\/posts\/7672\/revisions"}],"predecessor-version":[{"id":7675,"href":"http:\/\/www.chamannajenatsch.ch\/en\/wp-json\/wp\/v2\/posts\/7672\/revisions\/7675"}],"wp:attachment":[{"href":"http:\/\/www.chamannajenatsch.ch\/en\/wp-json\/wp\/v2\/media?parent=7672"}],"wp:term":[{"taxonomy":"category","embeddable":true,"href":"http:\/\/www.chamannajenatsch.ch\/en\/wp-json\/wp\/v2\/categories?post=7672"},{"taxonomy":"post_tag","embeddable":true,"href":"http:\/\/www.chamannajenatsch.ch\/en\/wp-json\/wp\/v2\/tags?post=7672"}],"curies":[{"name":"wp","href":"https:\/\/api.w.org\/{rel}","templated":true}]}}