{"id":7783,"date":"2024-07-18T16:48:43","date_gmt":"2024-07-18T14:48:43","guid":{"rendered":"https:\/\/www.chamannajenatsch.ch\/?p=7783"},"modified":"2024-07-18T16:48:45","modified_gmt":"2024-07-18T14:48:45","slug":"tagesgaestesaison","status":"publish","type":"post","link":"http:\/\/www.chamannajenatsch.ch\/en\/2024\/07\/18\/tagesgaestesaison\/","title":{"rendered":"Tagesg\u00e4stesaison"},"content":{"rendered":"<p>Heute war der erste Tag an dem wir wirklich ein paar Tagesg\u00e4ste hatten. R\u00f6sti, Suppe und Paangescher haben wir je ein paar gemacht. Am Morgen hatten wir aber noch Zeit f\u00fcr Kaffee und S\u00f6nnele \ud83d\ude42<\/p>\n\n\n\n<p>Alicia und Max waren nach dem Zmittag auf der Steinbockschulter, haben leider aber keine B\u00f6cke gesehen. Und Jachen war auch nicht &#8222;zuhause&#8220; auf der Alp Val, oder zumindest hatte er den Sonnenschirm nicht aufgestellt. Den sieht man n\u00e4mlich von der Schulter aus \ud83d\ude09<\/p>\n\n\n\n<p>Mit der Tagesk\u00fcche ist der Tag ganz schnell vorbeigegangen und nun kommen alle G\u00e4ste gleichzeitig an und es l\u00e4uft ganz sch\u00f6n was vorne am Tresen. Ich habe kurz ein bisschen Pause und schreibe euch die paar Zeilen. <\/p>\n\n\n\n<p>Aber sonst ist heute nix so lustiges passiert, zumindest bis jetzt \ud83d\ude09 Also hasta manana amigos \ud83d\ude42<\/p>","protected":false},"excerpt":{"rendered":"<p>Heute war der erste Tag an dem wir wirklich ein paar Tagesg\u00e4ste hatten. R\u00f6sti, Suppe und Paangescher haben wir je ein paar gemacht. Am Morgen hatten wir aber noch Zeit f\u00fcr Kaffee und S\u00f6nnele \ud83d\ude42 Alicia und Max waren nach<\/p>","protected":false},"author":1,"featured_media":0,"comment_status":"closed","ping_status":"closed","sticky":false,"template":"","format":"standard","meta":{"inline_featured_image":false,"footnotes":""},"categories":[1],"tags":[],"class_list":["post-7783","post","type-post","status-publish","format-standard","hentry","category-allgemein"],"_links":{"self":[{"href":"http:\/\/www.chamannajenatsch.ch\/en\/wp-json\/wp\/v2\/posts\/7783","targetHints":{"allow":["GET"]}}],"collection":[{"href":"http:\/\/www.chamannajenatsch.ch\/en\/wp-json\/wp\/v2\/posts"}],"about":[{"href":"http:\/\/www.chamannajenatsch.ch\/en\/wp-json\/wp\/v2\/types\/post"}],"author":[{"embeddable":true,"href":"http:\/\/www.chamannajenatsch.ch\/en\/wp-json\/wp\/v2\/users\/1"}],"replies":[{"embeddable":true,"href":"http:\/\/www.chamannajenatsch.ch\/en\/wp-json\/wp\/v2\/comments?post=7783"}],"version-history":[{"count":1,"href":"http:\/\/www.chamannajenatsch.ch\/en\/wp-json\/wp\/v2\/posts\/7783\/revisions"}],"predecessor-version":[{"id":7784,"href":"http:\/\/www.chamannajenatsch.ch\/en\/wp-json\/wp\/v2\/posts\/7783\/revisions\/7784"}],"wp:attachment":[{"href":"http:\/\/www.chamannajenatsch.ch\/en\/wp-json\/wp\/v2\/media?parent=7783"}],"wp:term":[{"taxonomy":"category","embeddable":true,"href":"http:\/\/www.chamannajenatsch.ch\/en\/wp-json\/wp\/v2\/categories?post=7783"},{"taxonomy":"post_tag","embeddable":true,"href":"http:\/\/www.chamannajenatsch.ch\/en\/wp-json\/wp\/v2\/tags?post=7783"}],"curies":[{"name":"wp","href":"https:\/\/api.w.org\/{rel}","templated":true}]}}