{"id":7903,"date":"2024-08-21T17:20:32","date_gmt":"2024-08-21T15:20:32","guid":{"rendered":"https:\/\/www.chamannajenatsch.ch\/?p=7903"},"modified":"2024-08-21T17:20:34","modified_gmt":"2024-08-21T15:20:34","slug":"presseartikel","status":"publish","type":"post","link":"http:\/\/www.chamannajenatsch.ch\/en\/2024\/08\/21\/presseartikel\/","title":{"rendered":"Presseartikel"},"content":{"rendered":"<p>In den letzten zwei Tagen haben wir zwei Beitr\u00e4ge \/ Artikel gesehen in zwei verschiedenen Schweizer Zeitungen (in der NZZ und im Blick haha). \u00dcber das Leben als H\u00fcttenwartIn, \u00fcber die Anspr\u00fcche der G\u00e4ste, \u00fcber die wenige Bergerfahrung die manche mitbringen&#8230; Ja, es gibt sehr viele sehr nette G\u00e4ste, aber das mit den Anspr\u00fcchen und dem Fehlen von einigen Grundregeln einer SAC H\u00fctte k\u00f6nnen wir auch best\u00e4tigen. Einige sind \u00fcbervorsichtig, andere laufen einfach drauf los. Einerseits sind wir vielleicht selber Schuld, wir preisen die H\u00fctten an, locken die Leute hoch und leben ja auch davon. Andererseits ist es eben schon so, dass einige G\u00e4ste viel mehr Energie kosten als viele andere zusammen, da man zuerst vieles erkl\u00e4ren muss und die Sonderw\u00fcnsche nicht erf\u00fcllen kann oder nur mit viel Zusatzaufwand. <\/p>\n\n\n\n<p>Aber egal, das nur so als Nebenbemerkung, da ich sonst eh nicht viel zu schreiben weiss heute \ud83d\ude09 Hier scheint auf jedenfall die Sonne und unsere G\u00e4ste sind gut gelaunt \ud83d\ude42 Ein paar sind im Moment sogar f\u00fcr zwei oder mehr Tage bei uns und machen ein paar Gipfel. So haben wir auch wieder News zum Piz d&#8217;Err, Picuogl usw. <\/p>\n\n\n\n<p>Und es gibt einen feinen Pastaplausch zum Znacht und Zwetschgenkompott mit Mascarponecreme \ud83d\ude42<\/p>","protected":false},"excerpt":{"rendered":"<p>In den letzten zwei Tagen haben wir zwei Beitr\u00e4ge \/ Artikel gesehen in zwei verschiedenen Schweizer Zeitungen (in der NZZ und im Blick haha). \u00dcber das Leben als H\u00fcttenwartIn, \u00fcber die Anspr\u00fcche der G\u00e4ste, \u00fcber die wenige Bergerfahrung die manche<\/p>","protected":false},"author":1,"featured_media":0,"comment_status":"closed","ping_status":"closed","sticky":false,"template":"","format":"standard","meta":{"inline_featured_image":false,"footnotes":""},"categories":[1],"tags":[],"class_list":["post-7903","post","type-post","status-publish","format-standard","hentry","category-allgemein"],"_links":{"self":[{"href":"http:\/\/www.chamannajenatsch.ch\/en\/wp-json\/wp\/v2\/posts\/7903","targetHints":{"allow":["GET"]}}],"collection":[{"href":"http:\/\/www.chamannajenatsch.ch\/en\/wp-json\/wp\/v2\/posts"}],"about":[{"href":"http:\/\/www.chamannajenatsch.ch\/en\/wp-json\/wp\/v2\/types\/post"}],"author":[{"embeddable":true,"href":"http:\/\/www.chamannajenatsch.ch\/en\/wp-json\/wp\/v2\/users\/1"}],"replies":[{"embeddable":true,"href":"http:\/\/www.chamannajenatsch.ch\/en\/wp-json\/wp\/v2\/comments?post=7903"}],"version-history":[{"count":1,"href":"http:\/\/www.chamannajenatsch.ch\/en\/wp-json\/wp\/v2\/posts\/7903\/revisions"}],"predecessor-version":[{"id":7904,"href":"http:\/\/www.chamannajenatsch.ch\/en\/wp-json\/wp\/v2\/posts\/7903\/revisions\/7904"}],"wp:attachment":[{"href":"http:\/\/www.chamannajenatsch.ch\/en\/wp-json\/wp\/v2\/media?parent=7903"}],"wp:term":[{"taxonomy":"category","embeddable":true,"href":"http:\/\/www.chamannajenatsch.ch\/en\/wp-json\/wp\/v2\/categories?post=7903"},{"taxonomy":"post_tag","embeddable":true,"href":"http:\/\/www.chamannajenatsch.ch\/en\/wp-json\/wp\/v2\/tags?post=7903"}],"curies":[{"name":"wp","href":"https:\/\/api.w.org\/{rel}","templated":true}]}}