{"id":7942,"date":"2024-09-08T17:23:26","date_gmt":"2024-09-08T15:23:26","guid":{"rendered":"https:\/\/www.chamannajenatsch.ch\/?p=7942"},"modified":"2024-09-08T17:26:15","modified_gmt":"2024-09-08T15:26:15","slug":"welcome-herbst","status":"publish","type":"post","link":"http:\/\/www.chamannajenatsch.ch\/en\/2024\/09\/08\/welcome-herbst\/","title":{"rendered":"Welcome Herbst"},"content":{"rendered":"<p>Heute ist der Herbst definitiv angekommen bei uns: <\/p>\n\n\n\n<ul class=\"wp-block-list\">\n<li>Obwohl f\u00fcr heute Morgen noch sch\u00f6nes Wetter angesagt war, hat es bereits gegen 8 angefangen zu regnen und plusminus durchgeschifft&#8230; Von Sommer draussen nix mehr zu sehen \ud83d\ude41<\/li>\n\n\n\n<li>Nach dem Fullhouse von gestern, sind wir heute noch bei mageren 11 G\u00e4sten. Eine Anzahl wie eben \u00f6fters im Herbst wenn es vor allem unter der Woche ruhig ist. <\/li>\n\n\n\n<li>Luis hat uns heute Morgen verlassen und so sind wir nur noch zu Dritt in unserem &#8222;Herbstteam&#8220; mit Nici. <\/li>\n\n\n\n<li>Ab Donnerstag kommt voraussichtlich der Winter, also muss das jetzt ja der Herbst sein, oder \ud83d\ude09<\/li>\n\n\n\n<li>Die Vorfreude auf den Winter ist schon wieder da! Den ersten Schneefall mit einem Mini-Schneemann, die verzuckerten Berge, Powpow f\u00fcr die ersten Skitouren \ud83d\ude42<\/li>\n<\/ul>\n\n\n\n<p>Vielleicht ist der Herbstanfang ja auch die Zeit f\u00fcr einen kleinen R\u00fcckblick auf den Sommer. Nachdem es harzig angefangen hat mit viel Schnee noch und bescheidenem Wetter, lief anschliessend sehr viel und es war eine recht strenge Saison. Viele \u00dcbernachtungsg\u00e4ste, f\u00fcr unsere Verh\u00e4ltnisse auch recht viele Tagesg\u00e4ste und einige spontane, unplanm\u00e4ssige G\u00e4ste und Situationen haben uns gefordert. <br>Es war aber auch eine Saison in der wir so viel gelacht haben wie selten, obwohl wir es ja hier oben immer lustig haben \ud83d\ude09 Aber das Sommerteam mit Alicia und Luis war ein richtiges Dreamteam, wir hatten eine verdammt gute Zeit zusammen, ohne eine einzige Diskussion oder ein lautes Wort zueinander. Und auch mit Max, Ladina und Sophia und nun mit Nici, einfach perfekt \ud83d\ude42 Wir haben gearbeitet wie verr\u00fcckt, effizient und zackig, aber immer mit guter Laune und immer alle zusammen bis zum Schluss, bis am Abend zur Sandwichparty, bis zum verdienten Engadiner Bier oder zum Gin Tonic! Danke euch tausend! <\/p>","protected":false},"excerpt":{"rendered":"<p>Heute ist der Herbst definitiv angekommen bei uns: Vielleicht ist der Herbstanfang ja auch die Zeit f\u00fcr einen kleinen R\u00fcckblick auf den Sommer. Nachdem es harzig angefangen hat mit viel Schnee noch und bescheidenem Wetter, lief anschliessend sehr viel und<\/p>","protected":false},"author":1,"featured_media":0,"comment_status":"closed","ping_status":"closed","sticky":false,"template":"","format":"standard","meta":{"inline_featured_image":false,"footnotes":""},"categories":[1],"tags":[],"class_list":["post-7942","post","type-post","status-publish","format-standard","hentry","category-allgemein"],"_links":{"self":[{"href":"http:\/\/www.chamannajenatsch.ch\/en\/wp-json\/wp\/v2\/posts\/7942","targetHints":{"allow":["GET"]}}],"collection":[{"href":"http:\/\/www.chamannajenatsch.ch\/en\/wp-json\/wp\/v2\/posts"}],"about":[{"href":"http:\/\/www.chamannajenatsch.ch\/en\/wp-json\/wp\/v2\/types\/post"}],"author":[{"embeddable":true,"href":"http:\/\/www.chamannajenatsch.ch\/en\/wp-json\/wp\/v2\/users\/1"}],"replies":[{"embeddable":true,"href":"http:\/\/www.chamannajenatsch.ch\/en\/wp-json\/wp\/v2\/comments?post=7942"}],"version-history":[{"count":4,"href":"http:\/\/www.chamannajenatsch.ch\/en\/wp-json\/wp\/v2\/posts\/7942\/revisions"}],"predecessor-version":[{"id":7947,"href":"http:\/\/www.chamannajenatsch.ch\/en\/wp-json\/wp\/v2\/posts\/7942\/revisions\/7947"}],"wp:attachment":[{"href":"http:\/\/www.chamannajenatsch.ch\/en\/wp-json\/wp\/v2\/media?parent=7942"}],"wp:term":[{"taxonomy":"category","embeddable":true,"href":"http:\/\/www.chamannajenatsch.ch\/en\/wp-json\/wp\/v2\/categories?post=7942"},{"taxonomy":"post_tag","embeddable":true,"href":"http:\/\/www.chamannajenatsch.ch\/en\/wp-json\/wp\/v2\/tags?post=7942"}],"curies":[{"name":"wp","href":"https:\/\/api.w.org\/{rel}","templated":true}]}}