{"id":7975,"date":"2024-09-12T15:52:47","date_gmt":"2024-09-12T13:52:47","guid":{"rendered":"https:\/\/www.chamannajenatsch.ch\/?p=7975"},"modified":"2024-09-12T15:52:50","modified_gmt":"2024-09-12T13:52:50","slug":"ruhige-tage-3","status":"publish","type":"post","link":"http:\/\/www.chamannajenatsch.ch\/en\/2024\/09\/12\/ruhige-tage-3\/","title":{"rendered":"Ruhige Tage"},"content":{"rendered":"<p>Ou, gestern hatte ich das Tagebuch vergessen. Nicht weil so viel los war, sondern eher weil so wenig los war \ud83d\ude09 Dani ist am Mittag ins Tal und Nici und ich haben nicht mehr allzuviel gearbeitet. Unsere 6 G\u00e4ste kamen p\u00fcnktlich kurz vor dem Regen und rechtzeitig vor dem Nachtessen! <\/p>\n\n\n\n<p>Es hat nur sehr wenig geschneit \u00fcber Nacht und heute morgen hatten wir 1-2 cm Schnee, der sich aber rasch wieder verabschiedet hat. Wir hatten eigenltich gedacht, dass wir heute Schneemann bauen k\u00f6nnen \ud83d\ude09 Heute wars dann den ganzen Tag trocken und die Sonne kam sogar auch zu Besuch! Frisch ist es geworden, aber mit Jacke und Stirnband sassen wir dann doch eine halbe Stunde in der Sonne zum Kaffee nach dem Zmittag \ud83d\ude42 Also deutliche Steigerung zur Erwartung von heute. <\/p>\n\n\n\n<p>Nun sind wir heute alleine und feuern ein bisschen in der K\u00fcche, dass wir es halbwegs gem\u00fctlich haben. Eine Runde Crocs haben wir noch gewaschen und mit neuen farbigen P\u00fcnktli versehen. Eine Aufgabe die wir im Juli mit Max angefangen hatten und dann ratzfatz keine Zeit mehr gefunden hat. <\/p>\n\n\n\n<p>Morgen haben wir dann wieder ein paar Anmeldungen, aber es soll auch nochmals ein bisschen Schnee geben. Mal schauen was kommt. Und falls jemand noch Platz im Rucksack hat, \u00fcber ein bisschen Eisbergsalat w\u00fcrden wir uns freuen, unser Gem\u00fcseregal hat ziemlich Schwindsucht und der Heli kommt erst am Dienstag \ud83d\ude09 Aber gut einpacken in Zeitungen oder den warmen Pulli, es heisst zwar Eisberg, aber gefroren und aufgetaut ist der Salat dann nicht mehr so knusprig \ud83d\ude09<\/p>","protected":false},"excerpt":{"rendered":"<p>Ou, gestern hatte ich das Tagebuch vergessen. Nicht weil so viel los war, sondern eher weil so wenig los war \ud83d\ude09 Dani ist am Mittag ins Tal und Nici und ich haben nicht mehr allzuviel gearbeitet. Unsere 6 G\u00e4ste kamen<\/p>","protected":false},"author":1,"featured_media":0,"comment_status":"closed","ping_status":"closed","sticky":false,"template":"","format":"standard","meta":{"inline_featured_image":false,"footnotes":""},"categories":[1],"tags":[],"class_list":["post-7975","post","type-post","status-publish","format-standard","hentry","category-allgemein"],"_links":{"self":[{"href":"http:\/\/www.chamannajenatsch.ch\/en\/wp-json\/wp\/v2\/posts\/7975","targetHints":{"allow":["GET"]}}],"collection":[{"href":"http:\/\/www.chamannajenatsch.ch\/en\/wp-json\/wp\/v2\/posts"}],"about":[{"href":"http:\/\/www.chamannajenatsch.ch\/en\/wp-json\/wp\/v2\/types\/post"}],"author":[{"embeddable":true,"href":"http:\/\/www.chamannajenatsch.ch\/en\/wp-json\/wp\/v2\/users\/1"}],"replies":[{"embeddable":true,"href":"http:\/\/www.chamannajenatsch.ch\/en\/wp-json\/wp\/v2\/comments?post=7975"}],"version-history":[{"count":1,"href":"http:\/\/www.chamannajenatsch.ch\/en\/wp-json\/wp\/v2\/posts\/7975\/revisions"}],"predecessor-version":[{"id":7976,"href":"http:\/\/www.chamannajenatsch.ch\/en\/wp-json\/wp\/v2\/posts\/7975\/revisions\/7976"}],"wp:attachment":[{"href":"http:\/\/www.chamannajenatsch.ch\/en\/wp-json\/wp\/v2\/media?parent=7975"}],"wp:term":[{"taxonomy":"category","embeddable":true,"href":"http:\/\/www.chamannajenatsch.ch\/en\/wp-json\/wp\/v2\/categories?post=7975"},{"taxonomy":"post_tag","embeddable":true,"href":"http:\/\/www.chamannajenatsch.ch\/en\/wp-json\/wp\/v2\/tags?post=7975"}],"curies":[{"name":"wp","href":"https:\/\/api.w.org\/{rel}","templated":true}]}}