{"id":7996,"date":"2024-09-15T16:20:27","date_gmt":"2024-09-15T14:20:27","guid":{"rendered":"https:\/\/www.chamannajenatsch.ch\/?p=7996"},"modified":"2024-09-15T16:22:37","modified_gmt":"2024-09-15T14:22:37","slug":"sonn-tag","status":"publish","type":"post","link":"http:\/\/www.chamannajenatsch.ch\/en\/2024\/09\/15\/sonn-tag\/","title":{"rendered":"Sonn-tag"},"content":{"rendered":"<p>Heute scheint die Sonne von stahlblauem Himmel! Aber warm ist es deswegen nicht wirklich. Ein kalter Wind pustet um die H\u00fctte! <\/p>\n\n\n\n<p>Heute Morgen kamen Thomas und Flurin zu Besuch auf Kaffee, Kuchen und Bircherm\u00fcesli und sie sind dann mit Nici zusammen ins Tal. So konnten sie den Anfang zusammen laufen und Nici hatte eine Mitfahrgelenheit zwischen der Alp Suvretta und Spinas. (F\u00fcr die, die ihn nicht kennen, Thomas ist der Wildh\u00fcter des Tals und hat deshalb eine Fahrbewilligung). <\/p>\n\n\n\n<p>Nici hat nun eine knappe Woche frei und wird zum n\u00e4chsten Wochenende wieder hochkommen. Unter der Woche nun sieht es sehr ruhig aus. Heute haben wir nur gerade mal zwei G\u00e4ste. Wir werden ein bisschen chillen und ein paar Sachen erledigen, Buchhaltung machen etc. Mal schauen \ud83d\ude09 <\/p>\n\n\n\n<p>Kennt ihr \u00fcbrigens vielleicht den EOFT Film von vor ein paar Jahren von zwei Typen, die in Norwegen im Winter surfen waren? Sie haben am Strand in einem selbstgebauten H\u00fcttli gewohnt und sind bei eisigen Temperaturen surfen gegangen. Auf jeden Fall haben die beiden die Temperatur jeweils an der Konsistenz des Oliven\u00f6ls in ihrer &#8222;K\u00fcche&#8220; abgesch\u00e4tzt, einfach: je steiffer desto k\u00e4lter! Das gleiche gilt f\u00fcr unsere Badezimmertemperatur, je schlechter das Shampoo aus der Flasche kommt&#8230;  Genau, es ist bereits wieder ziemlich dickfl\u00fcssig \ud83d\ude09 Aber heute hats immerhin warmes Wasser von der Solaranlage gegeben f\u00fcr eine Dusche und ein paar Waschmachinen. Gestern war die Sauna n\u00e4mlich sehr beliebt und die Saunat\u00fccher m\u00fcssen ja auch wieder frisch gewaschen werden f\u00fcr die n\u00e4chsten. <\/p>","protected":false},"excerpt":{"rendered":"<p>Heute scheint die Sonne von stahlblauem Himmel! Aber warm ist es deswegen nicht wirklich. Ein kalter Wind pustet um die H\u00fctte! Heute Morgen kamen Thomas und Flurin zu Besuch auf Kaffee, Kuchen und Bircherm\u00fcesli und sie sind dann mit Nici<\/p>","protected":false},"author":1,"featured_media":0,"comment_status":"closed","ping_status":"closed","sticky":false,"template":"","format":"standard","meta":{"inline_featured_image":false,"footnotes":""},"categories":[1],"tags":[],"class_list":["post-7996","post","type-post","status-publish","format-standard","hentry","category-allgemein"],"_links":{"self":[{"href":"http:\/\/www.chamannajenatsch.ch\/en\/wp-json\/wp\/v2\/posts\/7996","targetHints":{"allow":["GET"]}}],"collection":[{"href":"http:\/\/www.chamannajenatsch.ch\/en\/wp-json\/wp\/v2\/posts"}],"about":[{"href":"http:\/\/www.chamannajenatsch.ch\/en\/wp-json\/wp\/v2\/types\/post"}],"author":[{"embeddable":true,"href":"http:\/\/www.chamannajenatsch.ch\/en\/wp-json\/wp\/v2\/users\/1"}],"replies":[{"embeddable":true,"href":"http:\/\/www.chamannajenatsch.ch\/en\/wp-json\/wp\/v2\/comments?post=7996"}],"version-history":[{"count":4,"href":"http:\/\/www.chamannajenatsch.ch\/en\/wp-json\/wp\/v2\/posts\/7996\/revisions"}],"predecessor-version":[{"id":8000,"href":"http:\/\/www.chamannajenatsch.ch\/en\/wp-json\/wp\/v2\/posts\/7996\/revisions\/8000"}],"wp:attachment":[{"href":"http:\/\/www.chamannajenatsch.ch\/en\/wp-json\/wp\/v2\/media?parent=7996"}],"wp:term":[{"taxonomy":"category","embeddable":true,"href":"http:\/\/www.chamannajenatsch.ch\/en\/wp-json\/wp\/v2\/categories?post=7996"},{"taxonomy":"post_tag","embeddable":true,"href":"http:\/\/www.chamannajenatsch.ch\/en\/wp-json\/wp\/v2\/tags?post=7996"}],"curies":[{"name":"wp","href":"https:\/\/api.w.org\/{rel}","templated":true}]}}