{"id":8003,"date":"2024-09-17T19:41:11","date_gmt":"2024-09-17T17:41:11","guid":{"rendered":"https:\/\/www.chamannajenatsch.ch\/?p=8003"},"modified":"2024-09-17T19:41:14","modified_gmt":"2024-09-17T17:41:14","slug":"defrost","status":"publish","type":"post","link":"http:\/\/www.chamannajenatsch.ch\/en\/2024\/09\/17\/defrost\/","title":{"rendered":"Defrost"},"content":{"rendered":"<p>Drinnen und draussen \ud83d\ude09 <br>Draussen war es heute deutlich w\u00e4rmer als die letzten paar Tage, die Sonne ist ab Mitte Vormittag gekommen und ab Mittag war es Terrassenwetter gut! <br>Drinnen war auch defrost angesagt, und zwar bei unserem Tiefk\u00fchler im Keller. Wir wollten dies schon seit l\u00e4ngerem mal machen, nachdem er doch schon recht Eis angesetzt hat. Irgendwie sind wir aber nie dazu gekommen und es ist ja auch nicht so einfach, da wir ja keinen zweiten Tiefk\u00fchler haben. Aber da es heute Morgen draussen auch noch Tiefk\u00fchltemperaturen hatte, ahben wir alles ausger\u00e4umt, in 2-3 Isolierkisten gestopft, die weniger heiklen Sachen in Bananenkisten und raus damit vor die Kellert\u00fcre. Mit einem Heizl\u00fcfter und Warmwasser in Joghurtk\u00fcbeln in der Truhe ging es dann erstaunlich schnell mit dem Auftauen und wir konnten bald wieder anstellen und alles wieder einr\u00e4umen bevor dann die Sonne kam. <\/p>\n\n\n\n<p>Dani hat dann am Nachmittag noch ein bisschen an der Wasserfassung gearbeitet, etwas kleines flicken und schon etwas Vorbereitungsarbeit f\u00fcr die Inbetriebnahme der Winterfassung. <\/p>\n\n\n\n<p>Immerhin 4 G\u00e4ste haben wir heute, doppelt so viel wie gestern \ud83d\ude09 Morgen sind es dann ein paar mehr, aber die Tage drauf ist es wieder sehr ruhig. Der Wintereinbruch w\u00e4re also vorbei und es kommt pefektes Herbstwanderwetter!<\/p>","protected":false},"excerpt":{"rendered":"<p>Drinnen und draussen \ud83d\ude09 Draussen war es heute deutlich w\u00e4rmer als die letzten paar Tage, die Sonne ist ab Mitte Vormittag gekommen und ab Mittag war es Terrassenwetter gut! Drinnen war auch defrost angesagt, und zwar bei unserem Tiefk\u00fchler im<\/p>","protected":false},"author":1,"featured_media":0,"comment_status":"closed","ping_status":"closed","sticky":false,"template":"","format":"standard","meta":{"inline_featured_image":false,"footnotes":""},"categories":[1],"tags":[],"class_list":["post-8003","post","type-post","status-publish","format-standard","hentry","category-allgemein"],"_links":{"self":[{"href":"http:\/\/www.chamannajenatsch.ch\/en\/wp-json\/wp\/v2\/posts\/8003","targetHints":{"allow":["GET"]}}],"collection":[{"href":"http:\/\/www.chamannajenatsch.ch\/en\/wp-json\/wp\/v2\/posts"}],"about":[{"href":"http:\/\/www.chamannajenatsch.ch\/en\/wp-json\/wp\/v2\/types\/post"}],"author":[{"embeddable":true,"href":"http:\/\/www.chamannajenatsch.ch\/en\/wp-json\/wp\/v2\/users\/1"}],"replies":[{"embeddable":true,"href":"http:\/\/www.chamannajenatsch.ch\/en\/wp-json\/wp\/v2\/comments?post=8003"}],"version-history":[{"count":1,"href":"http:\/\/www.chamannajenatsch.ch\/en\/wp-json\/wp\/v2\/posts\/8003\/revisions"}],"predecessor-version":[{"id":8004,"href":"http:\/\/www.chamannajenatsch.ch\/en\/wp-json\/wp\/v2\/posts\/8003\/revisions\/8004"}],"wp:attachment":[{"href":"http:\/\/www.chamannajenatsch.ch\/en\/wp-json\/wp\/v2\/media?parent=8003"}],"wp:term":[{"taxonomy":"category","embeddable":true,"href":"http:\/\/www.chamannajenatsch.ch\/en\/wp-json\/wp\/v2\/categories?post=8003"},{"taxonomy":"post_tag","embeddable":true,"href":"http:\/\/www.chamannajenatsch.ch\/en\/wp-json\/wp\/v2\/tags?post=8003"}],"curies":[{"name":"wp","href":"https:\/\/api.w.org\/{rel}","templated":true}]}}