{"id":8135,"date":"2024-10-12T16:55:49","date_gmt":"2024-10-12T14:55:49","guid":{"rendered":"https:\/\/www.chamannajenatsch.ch\/?p=8135"},"modified":"2024-10-12T16:55:53","modified_gmt":"2024-10-12T14:55:53","slug":"bartgeiertag-2","status":"publish","type":"post","link":"http:\/\/www.chamannajenatsch.ch\/en\/2024\/10\/12\/bartgeiertag-2\/","title":{"rendered":"Bartgeiertag"},"content":{"rendered":"<p>Heute ist wieder mal Bartgeierbeobachtungstag. Heute Morgen kam dann auch schon Thomas Wehrli, der Wildh\u00fcter vorbei und wir hatten auch schon das Gl\u00fcck, dass wir zwei Beobachtungen machen konnten zusammen \ud83d\ude42 Und etwas sp\u00e4ter haben wir dann nochmals einen gesehen \ud83d\ude42 Leider immer nur von weit weg. <\/p>\n\n\n\n<p>Heute haben wir aber auch nochmals ein bisschen mehr G\u00e4ste! 25 sinds imemrhin \ud83d\ude42 Also gibts doch nochmals ein bisschen was zu tun. Und dann starten wir in die letzte Woche der Sommersaison. Wobei von Sommer ja draussen eh keine Rede mehr sein kann. N\u00e4chste Woche solls zwar nochmals recht warm werden, aber jetzt ists ganz sch\u00f6n frisch draussen und auch in der H\u00fctte ist es k\u00fchl geworden mit den wenigen G\u00e4sten die wir noch haben. <\/p>\n\n\n\n<p>Ja, dann w\u00fcnschen wir euch ein sch\u00f6nes Wochenende \ud83d\ude42<\/p>","protected":false},"excerpt":{"rendered":"<p>Heute ist wieder mal Bartgeierbeobachtungstag. Heute Morgen kam dann auch schon Thomas Wehrli, der Wildh\u00fcter vorbei und wir hatten auch schon das Gl\u00fcck, dass wir zwei Beobachtungen machen konnten zusammen \ud83d\ude42 Und etwas sp\u00e4ter haben wir dann nochmals einen gesehen<\/p>","protected":false},"author":1,"featured_media":0,"comment_status":"closed","ping_status":"closed","sticky":false,"template":"","format":"standard","meta":{"inline_featured_image":false,"footnotes":""},"categories":[1],"tags":[],"class_list":["post-8135","post","type-post","status-publish","format-standard","hentry","category-allgemein"],"_links":{"self":[{"href":"http:\/\/www.chamannajenatsch.ch\/en\/wp-json\/wp\/v2\/posts\/8135","targetHints":{"allow":["GET"]}}],"collection":[{"href":"http:\/\/www.chamannajenatsch.ch\/en\/wp-json\/wp\/v2\/posts"}],"about":[{"href":"http:\/\/www.chamannajenatsch.ch\/en\/wp-json\/wp\/v2\/types\/post"}],"author":[{"embeddable":true,"href":"http:\/\/www.chamannajenatsch.ch\/en\/wp-json\/wp\/v2\/users\/1"}],"replies":[{"embeddable":true,"href":"http:\/\/www.chamannajenatsch.ch\/en\/wp-json\/wp\/v2\/comments?post=8135"}],"version-history":[{"count":1,"href":"http:\/\/www.chamannajenatsch.ch\/en\/wp-json\/wp\/v2\/posts\/8135\/revisions"}],"predecessor-version":[{"id":8136,"href":"http:\/\/www.chamannajenatsch.ch\/en\/wp-json\/wp\/v2\/posts\/8135\/revisions\/8136"}],"wp:attachment":[{"href":"http:\/\/www.chamannajenatsch.ch\/en\/wp-json\/wp\/v2\/media?parent=8135"}],"wp:term":[{"taxonomy":"category","embeddable":true,"href":"http:\/\/www.chamannajenatsch.ch\/en\/wp-json\/wp\/v2\/categories?post=8135"},{"taxonomy":"post_tag","embeddable":true,"href":"http:\/\/www.chamannajenatsch.ch\/en\/wp-json\/wp\/v2\/tags?post=8135"}],"curies":[{"name":"wp","href":"https:\/\/api.w.org\/{rel}","templated":true}]}}