{"id":8565,"date":"2025-04-03T18:10:24","date_gmt":"2025-04-03T16:10:24","guid":{"rendered":"https:\/\/www.chamannajenatsch.ch\/?p=8565"},"modified":"2025-04-03T18:10:25","modified_gmt":"2025-04-03T16:10:25","slug":"fruehling-3","status":"publish","type":"post","link":"http:\/\/www.chamannajenatsch.ch\/en\/2025\/04\/03\/fruehling-3\/","title":{"rendered":"Fr\u00fchling"},"content":{"rendered":"<p>Wenn man nach Norden schaut ist noch Winter, wenn man nach S\u00fcden schaut, ist bereits Fr\u00fchling. Gestern haben wir tats\u00e4chlich unterhalb der H\u00fctte die ersten zwei Blumen gesehen auf einem Grasflecken! <\/p>\n\n\n\n<p>Aber keine Angst, es hat auch noch Schnee, in den Nordh\u00e4ngen vielleicht auch noch ein bisschen Pulver \ud83d\ude09 Und in den S\u00fcdh\u00e4ngen kann es nicht mehr lang gehen bis zum perfekten Sulz \ud83d\ude42 Der unterste Teil der Traunter Ovas Runde unten im Val Bever war gestern bereits tragend und super zum Fahren. Die n\u00e4chsten Tage sieht das Wetter bombastisch aus und f\u00fcr Fr\u00fchlingsskitouren sind die Bedingungen top. Wir freuen uns also auf viele G\u00e4ste \u00fcbers Wochenende! Einfach nicht vergessen, die Sonnencreme sowie H\u00fcetli sind Pflicht im Moment. Auch mit Sonnenschutz wird man gen\u00fcgend gebruzelt \ud83d\ude09 Aber morgen kommt der Heli mit neuen Getr\u00e4nken, so dass wir genug Fl\u00fcssiges im Keller haben f\u00fcr alle durstiegn G\u00e4ste!<\/p>","protected":false},"excerpt":{"rendered":"<p>Wenn man nach Norden schaut ist noch Winter, wenn man nach S\u00fcden schaut, ist bereits Fr\u00fchling. Gestern haben wir tats\u00e4chlich unterhalb der H\u00fctte die ersten zwei Blumen gesehen auf einem Grasflecken! Aber keine Angst, es hat auch noch Schnee, in<\/p>","protected":false},"author":1,"featured_media":0,"comment_status":"closed","ping_status":"closed","sticky":false,"template":"","format":"standard","meta":{"inline_featured_image":false,"footnotes":""},"categories":[1],"tags":[],"class_list":["post-8565","post","type-post","status-publish","format-standard","hentry","category-allgemein"],"_links":{"self":[{"href":"http:\/\/www.chamannajenatsch.ch\/en\/wp-json\/wp\/v2\/posts\/8565","targetHints":{"allow":["GET"]}}],"collection":[{"href":"http:\/\/www.chamannajenatsch.ch\/en\/wp-json\/wp\/v2\/posts"}],"about":[{"href":"http:\/\/www.chamannajenatsch.ch\/en\/wp-json\/wp\/v2\/types\/post"}],"author":[{"embeddable":true,"href":"http:\/\/www.chamannajenatsch.ch\/en\/wp-json\/wp\/v2\/users\/1"}],"replies":[{"embeddable":true,"href":"http:\/\/www.chamannajenatsch.ch\/en\/wp-json\/wp\/v2\/comments?post=8565"}],"version-history":[{"count":1,"href":"http:\/\/www.chamannajenatsch.ch\/en\/wp-json\/wp\/v2\/posts\/8565\/revisions"}],"predecessor-version":[{"id":8566,"href":"http:\/\/www.chamannajenatsch.ch\/en\/wp-json\/wp\/v2\/posts\/8565\/revisions\/8566"}],"wp:attachment":[{"href":"http:\/\/www.chamannajenatsch.ch\/en\/wp-json\/wp\/v2\/media?parent=8565"}],"wp:term":[{"taxonomy":"category","embeddable":true,"href":"http:\/\/www.chamannajenatsch.ch\/en\/wp-json\/wp\/v2\/categories?post=8565"},{"taxonomy":"post_tag","embeddable":true,"href":"http:\/\/www.chamannajenatsch.ch\/en\/wp-json\/wp\/v2\/tags?post=8565"}],"curies":[{"name":"wp","href":"https:\/\/api.w.org\/{rel}","templated":true}]}}