{"id":8632,"date":"2025-04-20T16:40:48","date_gmt":"2025-04-20T14:40:48","guid":{"rendered":"https:\/\/www.chamannajenatsch.ch\/?p=8632"},"modified":"2025-04-20T16:40:54","modified_gmt":"2025-04-20T14:40:54","slug":"saisonende-in-sicht-2","status":"publish","type":"post","link":"http:\/\/www.chamannajenatsch.ch\/en\/2025\/04\/20\/saisonende-in-sicht-2\/","title":{"rendered":"Saisonende in Sicht"},"content":{"rendered":"<p>Heute sinds gerade noch 17 G\u00e4ste bei uns in der Stube. Draussen ist es aber auch nicht so besonders prickelnd&#8230; Es ist ziemlich windig und viel Sonne kam heute auch nicht zum Vorschein. Aber letzte Nacht hat es gut abgestrahlt und der Schnee war heute gefroren. Die G\u00e4ste waren also schneetechnisch wieder zufriedener als auch schon die letzten Tage \ud83d\ude09<\/p>\n\n\n\n<p>Jetzt ist heute auch der letzte Tag zu F\u00fcnft. Das l\u00e4utet definitiv das Saisonende ein. Buhuhuh \ud83d\ude41 Erstens ist es ja schade, dass Nici und Luis uns verlassen, und zweitens ist es aber auch schade, dass bereits Saisonende ist. Wir sind zwar schon langsam etwas m\u00fcde, aber irgendwie ist die Saison jetzt auch wieder so schnell vorbeigegangen. Und war es \u00fcberhaupt mal richtig Winter? So 1-2 richtige Powdertage h\u00e4tten wir uns schon noch gew\u00fcnscht. Noch 1-2 Couloir-Runden mit Luis \ud83d\ude09 Wir waren ja zwar schon viel auf den Ski (oder zumindest ich war recht viel auf den Ski) und der Schnee war meistens auch recht gut, aber trotzdem ist der letzte Powder jetzt schon eine ganze Weile her und mehr w\u00e4re schon noch cool gewesen. Deswegen f\u00fchlt sich der Weg ins Tal und in den Fr\u00fchling jetzt doch noch etwas komisch an. Aber nuje. Jetzt geniessen wir noch den letzten Abend in gr\u00f6sserer Runde! Danke Nici und Luis f\u00fcr eine weitere Saison bei uns :-* :-* :-*<\/p>","protected":false},"excerpt":{"rendered":"<p>Heute sinds gerade noch 17 G\u00e4ste bei uns in der Stube. Draussen ist es aber auch nicht so besonders prickelnd&#8230; Es ist ziemlich windig und viel Sonne kam heute auch nicht zum Vorschein. Aber letzte Nacht hat es gut abgestrahlt<\/p>","protected":false},"author":1,"featured_media":0,"comment_status":"closed","ping_status":"closed","sticky":false,"template":"","format":"standard","meta":{"inline_featured_image":false,"footnotes":""},"categories":[1],"tags":[],"class_list":["post-8632","post","type-post","status-publish","format-standard","hentry","category-allgemein"],"_links":{"self":[{"href":"http:\/\/www.chamannajenatsch.ch\/en\/wp-json\/wp\/v2\/posts\/8632","targetHints":{"allow":["GET"]}}],"collection":[{"href":"http:\/\/www.chamannajenatsch.ch\/en\/wp-json\/wp\/v2\/posts"}],"about":[{"href":"http:\/\/www.chamannajenatsch.ch\/en\/wp-json\/wp\/v2\/types\/post"}],"author":[{"embeddable":true,"href":"http:\/\/www.chamannajenatsch.ch\/en\/wp-json\/wp\/v2\/users\/1"}],"replies":[{"embeddable":true,"href":"http:\/\/www.chamannajenatsch.ch\/en\/wp-json\/wp\/v2\/comments?post=8632"}],"version-history":[{"count":2,"href":"http:\/\/www.chamannajenatsch.ch\/en\/wp-json\/wp\/v2\/posts\/8632\/revisions"}],"predecessor-version":[{"id":8634,"href":"http:\/\/www.chamannajenatsch.ch\/en\/wp-json\/wp\/v2\/posts\/8632\/revisions\/8634"}],"wp:attachment":[{"href":"http:\/\/www.chamannajenatsch.ch\/en\/wp-json\/wp\/v2\/media?parent=8632"}],"wp:term":[{"taxonomy":"category","embeddable":true,"href":"http:\/\/www.chamannajenatsch.ch\/en\/wp-json\/wp\/v2\/categories?post=8632"},{"taxonomy":"post_tag","embeddable":true,"href":"http:\/\/www.chamannajenatsch.ch\/en\/wp-json\/wp\/v2\/tags?post=8632"}],"curies":[{"name":"wp","href":"https:\/\/api.w.org\/{rel}","templated":true}]}}