{"id":8646,"date":"2025-04-22T17:49:01","date_gmt":"2025-04-22T15:49:01","guid":{"rendered":"https:\/\/www.chamannajenatsch.ch\/?p=8646"},"modified":"2025-04-22T17:49:04","modified_gmt":"2025-04-22T15:49:04","slug":"teamtueuerli","status":"publish","type":"post","link":"http:\/\/www.chamannajenatsch.ch\/en\/2025\/04\/22\/teamtueuerli\/","title":{"rendered":"Teamt\u00fc\u00fcrli"},"content":{"rendered":"<p>Ja was macht das H\u00fcttenteam wenn die Sonne scheint und keine G\u00e4ste kommen? Genau, auf Skitour gehen \ud83d\ude09 Das haben wir heute gemacht. Bereits gestern hatten wir keine G\u00e4ste und auch heute sind wir alleine. Und da das Wetter top ist, sind wir heute morgen zur Tschima. Dani war dieses Jahr noch nicht oben und auch f\u00fcr Vera war es das erste Mal in die Richtung. Der Schnee war jetzt auch schon besser diesen Winter, oben war es noch trocken aber windgepresst, der untere Teil war schon recht schwer zum Fahren. Aber die Aussicht oben war wie immer top. Wir waren sch\u00f6n \u00fcber dem Wolkenmeer von einigen Quellwolken, die Sicht Richtung Bernina-Gruppe: Winterfeeling, die Sicht Richtung Savognin: gr\u00fcn! So lustig im Fr\u00fchling! <br>Jetzt wird noch Heli gepackt f\u00fcr die Retouren morgen und dann machen wir noch ein Teamfondue. Und morgen sollten wir dann noch wieder 4 G\u00e4ste haben \ud83d\ude09<\/p>","protected":false},"excerpt":{"rendered":"<p>Ja was macht das H\u00fcttenteam wenn die Sonne scheint und keine G\u00e4ste kommen? Genau, auf Skitour gehen \ud83d\ude09 Das haben wir heute gemacht. Bereits gestern hatten wir keine G\u00e4ste und auch heute sind wir alleine. Und da das Wetter top<\/p>","protected":false},"author":1,"featured_media":0,"comment_status":"closed","ping_status":"closed","sticky":false,"template":"","format":"standard","meta":{"inline_featured_image":false,"footnotes":""},"categories":[1],"tags":[],"class_list":["post-8646","post","type-post","status-publish","format-standard","hentry","category-allgemein"],"_links":{"self":[{"href":"http:\/\/www.chamannajenatsch.ch\/en\/wp-json\/wp\/v2\/posts\/8646","targetHints":{"allow":["GET"]}}],"collection":[{"href":"http:\/\/www.chamannajenatsch.ch\/en\/wp-json\/wp\/v2\/posts"}],"about":[{"href":"http:\/\/www.chamannajenatsch.ch\/en\/wp-json\/wp\/v2\/types\/post"}],"author":[{"embeddable":true,"href":"http:\/\/www.chamannajenatsch.ch\/en\/wp-json\/wp\/v2\/users\/1"}],"replies":[{"embeddable":true,"href":"http:\/\/www.chamannajenatsch.ch\/en\/wp-json\/wp\/v2\/comments?post=8646"}],"version-history":[{"count":1,"href":"http:\/\/www.chamannajenatsch.ch\/en\/wp-json\/wp\/v2\/posts\/8646\/revisions"}],"predecessor-version":[{"id":8647,"href":"http:\/\/www.chamannajenatsch.ch\/en\/wp-json\/wp\/v2\/posts\/8646\/revisions\/8647"}],"wp:attachment":[{"href":"http:\/\/www.chamannajenatsch.ch\/en\/wp-json\/wp\/v2\/media?parent=8646"}],"wp:term":[{"taxonomy":"category","embeddable":true,"href":"http:\/\/www.chamannajenatsch.ch\/en\/wp-json\/wp\/v2\/categories?post=8646"},{"taxonomy":"post_tag","embeddable":true,"href":"http:\/\/www.chamannajenatsch.ch\/en\/wp-json\/wp\/v2\/tags?post=8646"}],"curies":[{"name":"wp","href":"https:\/\/api.w.org\/{rel}","templated":true}]}}