{"id":8648,"date":"2025-04-23T18:51:03","date_gmt":"2025-04-23T16:51:03","guid":{"rendered":"https:\/\/www.chamannajenatsch.ch\/?p=8648"},"modified":"2025-04-23T18:51:05","modified_gmt":"2025-04-23T16:51:05","slug":"zu-zweit","status":"publish","type":"post","link":"http:\/\/www.chamannajenatsch.ch\/en\/2025\/04\/23\/zu-zweit\/","title":{"rendered":"Zu Zweit"},"content":{"rendered":"<p>Jetzt ist heue auch Vera ins Tal und wir sind nur noch zu zweit. Komisch ist das in der K\u00fcche, so ruhig. Am Morgen kam noch der Heli, mit Getr\u00e4nken und Gas f\u00fcr die Sommersaison und mit Retouren f\u00fcrs Tal. Jetzt sind die leeren Sirupflaschen und Einmachgl\u00e4ser unten und warten auf ihre Bef\u00fcllung mit Holundersirup und B\u00e4rlauchpesto f\u00fcr die Sommersaison \ud83d\ude09 <br>Vera hat uns noch beim Ausladen geholfen, noch eine letzte Runde Kaffee Kuchen mit uns gemacht und ist dann Richtung Julierpass! Das kleine durchgehenden Band, das Luis vor zwei Tagen noch gefunden hat f\u00fcr die Abfahrt ist wohl nicht mehr vorhanden und das letzte kleine St\u00fcck muss man leider tragen jetzt. Vielen lieben Dank Vera dir f\u00fcr deine Unterst\u00fctzung diese Saison, f\u00fcr die zwei Bierli und die coole Karte mit den lustigsten Momenten des Winters \ud83d\ude42 <\/p>\n\n\n\n<p>Vier G\u00e4ste haben den Weg zu uns gefunden heute! Einen davon kennen wir bereits von fr\u00fcheren Besuchen und einer ist der Musiklehrer aus Dani&#8217;s Kanti fr\u00fcher, so lustig! Die n\u00e4chsten paar Tage haben wir dann immer ein paar wenige G\u00e4ste und am Samstag hoffentlich nochmals ca. 20, bevor es dann am Sonntag auch f\u00fcr uns in den Fr\u00fchling runter geht. <\/p>","protected":false},"excerpt":{"rendered":"<p>Jetzt ist heue auch Vera ins Tal und wir sind nur noch zu zweit. Komisch ist das in der K\u00fcche, so ruhig. Am Morgen kam noch der Heli, mit Getr\u00e4nken und Gas f\u00fcr die Sommersaison und mit Retouren f\u00fcrs Tal.<\/p>","protected":false},"author":1,"featured_media":0,"comment_status":"closed","ping_status":"closed","sticky":false,"template":"","format":"standard","meta":{"inline_featured_image":false,"footnotes":""},"categories":[1],"tags":[],"class_list":["post-8648","post","type-post","status-publish","format-standard","hentry","category-allgemein"],"_links":{"self":[{"href":"http:\/\/www.chamannajenatsch.ch\/en\/wp-json\/wp\/v2\/posts\/8648","targetHints":{"allow":["GET"]}}],"collection":[{"href":"http:\/\/www.chamannajenatsch.ch\/en\/wp-json\/wp\/v2\/posts"}],"about":[{"href":"http:\/\/www.chamannajenatsch.ch\/en\/wp-json\/wp\/v2\/types\/post"}],"author":[{"embeddable":true,"href":"http:\/\/www.chamannajenatsch.ch\/en\/wp-json\/wp\/v2\/users\/1"}],"replies":[{"embeddable":true,"href":"http:\/\/www.chamannajenatsch.ch\/en\/wp-json\/wp\/v2\/comments?post=8648"}],"version-history":[{"count":1,"href":"http:\/\/www.chamannajenatsch.ch\/en\/wp-json\/wp\/v2\/posts\/8648\/revisions"}],"predecessor-version":[{"id":8649,"href":"http:\/\/www.chamannajenatsch.ch\/en\/wp-json\/wp\/v2\/posts\/8648\/revisions\/8649"}],"wp:attachment":[{"href":"http:\/\/www.chamannajenatsch.ch\/en\/wp-json\/wp\/v2\/media?parent=8648"}],"wp:term":[{"taxonomy":"category","embeddable":true,"href":"http:\/\/www.chamannajenatsch.ch\/en\/wp-json\/wp\/v2\/categories?post=8648"},{"taxonomy":"post_tag","embeddable":true,"href":"http:\/\/www.chamannajenatsch.ch\/en\/wp-json\/wp\/v2\/tags?post=8648"}],"curies":[{"name":"wp","href":"https:\/\/api.w.org\/{rel}","templated":true}]}}