{"id":8755,"date":"2025-06-29T17:58:50","date_gmt":"2025-06-29T15:58:50","guid":{"rendered":"https:\/\/www.chamannajenatsch.ch\/?p=8755"},"modified":"2025-06-29T17:58:53","modified_gmt":"2025-06-29T15:58:53","slug":"badewetter-2","status":"publish","type":"post","link":"http:\/\/www.chamannajenatsch.ch\/en\/2025\/06\/29\/badewetter-2\/","title":{"rendered":"Badewetter"},"content":{"rendered":"<p>Sonnenschein ohne Ende, keine Wolke am Himmel und wir hatten bereits am Morgen um 9 Uhr am Fr\u00fchst\u00fcckstisch zu heiss. Krasse Tage gerade, Ende Juni! F\u00fcr die fast volle H\u00fctte gestern, war der H\u00fcttenputz heute morgen recht easy. Danke an die sauberen G\u00e4ste \ud83d\ude09 <br>Heute Abend ist es ruhier mit ca. 20 G\u00e4sten und somit hatten wir nach dem H\u00fcttenwusel alle Zeit f\u00fcr eine l\u00e4ngere Pause. Ich war am Morgen noch beim Gletscherloch. Es ist fast nichts mehr \u00fcbrig \ud83d\ude41 Also der See ist noch da, und zum baden ist es auch top, aber das Eis ist fast alles weg&#8230; <br>Anna war dann nach dem Mittag bei Gletscherseeli eine Runde baden und Dani war am Wasserfall hinter der H\u00fctte. Es will schon lange mal dort &#8222;duschen&#8220; gehen, hat es aber noch nie gemacht. Ja, wenn heute nicht der Tag dazu war, wann dann? Hihi, er war also wirklich drunter, sogar mehrmals! Wir haben von der H\u00fctte aus Beweisfotos gemacht \ud83d\ude09 Und Sebastian war dann auch noch bei Gletschertor, er wollte aber nicht baden gehen. <\/p>\n\n\n\n<p>Jetzt haben wir alle unsere Portion Sonne f\u00fcr heute abbekommen. Da nur wenige Tagesg\u00e4ste zu uns kamen haben heute, hatten wir auch nach den Ausfl\u00fcgli noch Zeit um etwas draussen zu sitzen und zu pl\u00e4udern. Wir haben heute n\u00e4mlich noch Besuch von einer Familie aus Masein, so cool \ud83d\ude42<\/p>","protected":false},"excerpt":{"rendered":"<p>Sonnenschein ohne Ende, keine Wolke am Himmel und wir hatten bereits am Morgen um 9 Uhr am Fr\u00fchst\u00fcckstisch zu heiss. Krasse Tage gerade, Ende Juni! F\u00fcr die fast volle H\u00fctte gestern, war der H\u00fcttenputz heute morgen recht easy. Danke an<\/p>","protected":false},"author":1,"featured_media":0,"comment_status":"closed","ping_status":"closed","sticky":false,"template":"","format":"standard","meta":{"inline_featured_image":false,"footnotes":""},"categories":[1],"tags":[],"class_list":["post-8755","post","type-post","status-publish","format-standard","hentry","category-allgemein"],"_links":{"self":[{"href":"http:\/\/www.chamannajenatsch.ch\/en\/wp-json\/wp\/v2\/posts\/8755","targetHints":{"allow":["GET"]}}],"collection":[{"href":"http:\/\/www.chamannajenatsch.ch\/en\/wp-json\/wp\/v2\/posts"}],"about":[{"href":"http:\/\/www.chamannajenatsch.ch\/en\/wp-json\/wp\/v2\/types\/post"}],"author":[{"embeddable":true,"href":"http:\/\/www.chamannajenatsch.ch\/en\/wp-json\/wp\/v2\/users\/1"}],"replies":[{"embeddable":true,"href":"http:\/\/www.chamannajenatsch.ch\/en\/wp-json\/wp\/v2\/comments?post=8755"}],"version-history":[{"count":1,"href":"http:\/\/www.chamannajenatsch.ch\/en\/wp-json\/wp\/v2\/posts\/8755\/revisions"}],"predecessor-version":[{"id":8756,"href":"http:\/\/www.chamannajenatsch.ch\/en\/wp-json\/wp\/v2\/posts\/8755\/revisions\/8756"}],"wp:attachment":[{"href":"http:\/\/www.chamannajenatsch.ch\/en\/wp-json\/wp\/v2\/media?parent=8755"}],"wp:term":[{"taxonomy":"category","embeddable":true,"href":"http:\/\/www.chamannajenatsch.ch\/en\/wp-json\/wp\/v2\/categories?post=8755"},{"taxonomy":"post_tag","embeddable":true,"href":"http:\/\/www.chamannajenatsch.ch\/en\/wp-json\/wp\/v2\/tags?post=8755"}],"curies":[{"name":"wp","href":"https:\/\/api.w.org\/{rel}","templated":true}]}}