{"id":8757,"date":"2025-06-30T18:34:35","date_gmt":"2025-06-30T16:34:35","guid":{"rendered":"https:\/\/www.chamannajenatsch.ch\/?p=8757"},"modified":"2025-06-30T18:34:38","modified_gmt":"2025-06-30T16:34:38","slug":"klettern-und-pizza","status":"publish","type":"post","link":"http:\/\/www.chamannajenatsch.ch\/en\/2025\/06\/30\/klettern-und-pizza\/","title":{"rendered":"Klettern und Pizza"},"content":{"rendered":"<p>Yeah heute haben wir, nach 6 Jahren auf der Jenatsch, im 7. Sommer, das erste Mal unseren Klettergarten getestet. Wir wollten dies ja letztes Jahr schon machen, das hatte dann aber beim Erkundschaftsgang ja zum Loch in meinem Bein gef\u00fchrt. Nachher war die Motivation dann nicht mehr so gross, und als mein Bein geheilt war, auch die Hochsaison zu busy f\u00fcr solche Sachen. Und nachher waren wir zu m\u00fcde. <br>Jetzt hat es heute Morgen bereits geregnet und gewittert, nachher war es aber auf einmal recht sch\u00f6n. Und wir wollten uns aber nicht zu weit vond er H\u00fctte entfernen, und so kamen wir wieder auf den Klettergarten. Sebastian hat die H\u00fctte geh\u00fctet, Dani, Anna und ich sind die 2 Minuten zum Klettergarten runtergestiegen. Hansi hat sich ziemlich aufgeregt, er sonnt sich immer dort und will die Nachbarn nicht in seinem Vorgarten haben \ud83d\ude09 Pech gehabt Hansi \ud83d\ude09<br>Die W\u00e4nde sind nur 3-4 Meter hoch und es hat ein paar sehr wenige Routen wo nie begangen werden. Die Herausforderung war also nicht direkt das klettern, sondern mal den Fels zu testen und die losen Steine auszur\u00e4umen. Wir haben eine ganz einfache Route gemacht heute zum Anfangen und Anna hat gelernt zu sichern. So waren wir ca. eine Stunde draussen und hatten alle Freude an dem kleinen Ausflug. Danke Sebastian f\u00fcrs Empfangen der ersten G\u00e4ste! <\/p>\n\n\n\n<p>Jetzt gibts Party Italianaaa mit Pizzaaa. <br><\/p>","protected":false},"excerpt":{"rendered":"<p>Yeah heute haben wir, nach 6 Jahren auf der Jenatsch, im 7. Sommer, das erste Mal unseren Klettergarten getestet. Wir wollten dies ja letztes Jahr schon machen, das hatte dann aber beim Erkundschaftsgang ja zum Loch in meinem Bein gef\u00fchrt.<\/p>","protected":false},"author":1,"featured_media":0,"comment_status":"closed","ping_status":"closed","sticky":false,"template":"","format":"standard","meta":{"inline_featured_image":false,"footnotes":""},"categories":[1],"tags":[],"class_list":["post-8757","post","type-post","status-publish","format-standard","hentry","category-allgemein"],"_links":{"self":[{"href":"http:\/\/www.chamannajenatsch.ch\/en\/wp-json\/wp\/v2\/posts\/8757","targetHints":{"allow":["GET"]}}],"collection":[{"href":"http:\/\/www.chamannajenatsch.ch\/en\/wp-json\/wp\/v2\/posts"}],"about":[{"href":"http:\/\/www.chamannajenatsch.ch\/en\/wp-json\/wp\/v2\/types\/post"}],"author":[{"embeddable":true,"href":"http:\/\/www.chamannajenatsch.ch\/en\/wp-json\/wp\/v2\/users\/1"}],"replies":[{"embeddable":true,"href":"http:\/\/www.chamannajenatsch.ch\/en\/wp-json\/wp\/v2\/comments?post=8757"}],"version-history":[{"count":1,"href":"http:\/\/www.chamannajenatsch.ch\/en\/wp-json\/wp\/v2\/posts\/8757\/revisions"}],"predecessor-version":[{"id":8758,"href":"http:\/\/www.chamannajenatsch.ch\/en\/wp-json\/wp\/v2\/posts\/8757\/revisions\/8758"}],"wp:attachment":[{"href":"http:\/\/www.chamannajenatsch.ch\/en\/wp-json\/wp\/v2\/media?parent=8757"}],"wp:term":[{"taxonomy":"category","embeddable":true,"href":"http:\/\/www.chamannajenatsch.ch\/en\/wp-json\/wp\/v2\/categories?post=8757"},{"taxonomy":"post_tag","embeddable":true,"href":"http:\/\/www.chamannajenatsch.ch\/en\/wp-json\/wp\/v2\/tags?post=8757"}],"curies":[{"name":"wp","href":"https:\/\/api.w.org\/{rel}","templated":true}]}}