{"id":8761,"date":"2025-07-03T17:30:11","date_gmt":"2025-07-03T15:30:11","guid":{"rendered":"https:\/\/www.chamannajenatsch.ch\/?p=8761"},"modified":"2025-07-03T17:44:16","modified_gmt":"2025-07-03T15:44:16","slug":"ohne-den-chef","status":"publish","type":"post","link":"http:\/\/www.chamannajenatsch.ch\/en\/2025\/07\/03\/ohne-den-chef\/","title":{"rendered":"Ohne den Chef (de Salatsauce)"},"content":{"rendered":"<p>Heute morgen ist nun Dani ins Frei. Er ist \u00fcber die Fuorcla da Flix zur Alp Flix gelaufen. Er geniesst nun einen freien Abend, vermutlich bei Cordon Bleu und Pommes Frites und kommt dann morgen wieder hoch. <\/p>\n\n\n\n<p>Wir haben es heute Morgen nach dem H\u00fcttenputz und dem Kaffee geschafft ein Terrassenyoga zu machen bevor die ersten Tagesg\u00e4ste gekommen sind. Gut hat es getan! Und ja trotz des eher bew\u00f6lkten Wetters hatten wir doch einige Tagesg\u00e4ste heute und wir haben einige Suppen, Kaffee und Kuchen verkauft. <\/p>\n\n\n\n<p>Jetzt \u00fcbt sich Sebastian im Salatsauce machen, da unser Salatsaucenchef Dani ja abwesend ist, und Salatsauce allgemein M\u00e4nnersache ist bei uns \ud83d\ude09 Ist das bei euch auch so? Frauen machen im Allgemeinen nicht gerne Salatsauce ist das Fazit nach 6 H\u00fcttenjahren \ud83d\ude09<\/p>\n\n\n\n<p><\/p>","protected":false},"excerpt":{"rendered":"<p>Heute morgen ist nun Dani ins Frei. Er ist \u00fcber die Fuorcla da Flix zur Alp Flix gelaufen. Er geniesst nun einen freien Abend, vermutlich bei Cordon Bleu und Pommes Frites und kommt dann morgen wieder hoch. Wir haben es<\/p>","protected":false},"author":1,"featured_media":0,"comment_status":"closed","ping_status":"closed","sticky":false,"template":"","format":"standard","meta":{"inline_featured_image":false,"footnotes":""},"categories":[1],"tags":[],"class_list":["post-8761","post","type-post","status-publish","format-standard","hentry","category-allgemein"],"_links":{"self":[{"href":"http:\/\/www.chamannajenatsch.ch\/en\/wp-json\/wp\/v2\/posts\/8761","targetHints":{"allow":["GET"]}}],"collection":[{"href":"http:\/\/www.chamannajenatsch.ch\/en\/wp-json\/wp\/v2\/posts"}],"about":[{"href":"http:\/\/www.chamannajenatsch.ch\/en\/wp-json\/wp\/v2\/types\/post"}],"author":[{"embeddable":true,"href":"http:\/\/www.chamannajenatsch.ch\/en\/wp-json\/wp\/v2\/users\/1"}],"replies":[{"embeddable":true,"href":"http:\/\/www.chamannajenatsch.ch\/en\/wp-json\/wp\/v2\/comments?post=8761"}],"version-history":[{"count":3,"href":"http:\/\/www.chamannajenatsch.ch\/en\/wp-json\/wp\/v2\/posts\/8761\/revisions"}],"predecessor-version":[{"id":8764,"href":"http:\/\/www.chamannajenatsch.ch\/en\/wp-json\/wp\/v2\/posts\/8761\/revisions\/8764"}],"wp:attachment":[{"href":"http:\/\/www.chamannajenatsch.ch\/en\/wp-json\/wp\/v2\/media?parent=8761"}],"wp:term":[{"taxonomy":"category","embeddable":true,"href":"http:\/\/www.chamannajenatsch.ch\/en\/wp-json\/wp\/v2\/categories?post=8761"},{"taxonomy":"post_tag","embeddable":true,"href":"http:\/\/www.chamannajenatsch.ch\/en\/wp-json\/wp\/v2\/tags?post=8761"}],"curies":[{"name":"wp","href":"https:\/\/api.w.org\/{rel}","templated":true}]}}