{"id":8888,"date":"2025-07-25T21:24:36","date_gmt":"2025-07-25T19:24:36","guid":{"rendered":"https:\/\/www.chamannajenatsch.ch\/?p=8888"},"modified":"2025-07-25T21:24:39","modified_gmt":"2025-07-25T19:24:39","slug":"wo-ist-der-sommer","status":"publish","type":"post","link":"http:\/\/www.chamannajenatsch.ch\/en\/2025\/07\/25\/wo-ist-der-sommer\/","title":{"rendered":"Wo ist der Sommer?"},"content":{"rendered":"<p>Der Sommer macht irgendwie grad Pause? Gestern bin ich zwar trocken und sogar mit Sonne ins Tal gekommen und Dani auch wieder hoch. Ich habe dann noch gem\u00fctlich Kaffee und Kuchen genommen auf der Terrasse in Spinas bevor ich Richtung heim gefahren bin. Ah, ein Abend auf dem Sofa, Ausschlafen ohne Gerumpel nebendran, heute morgen gem\u00fctlich fr\u00fchst\u00fccken und Kaffee trinken auf der Terrasse in der Sonne, ohne das das Telefon l\u00e4utet oder jemand etwas bestellen m\u00f6chte \ud83d\ude42 Es war zwar nur kurz, aber hat trotzdem gut getan. Heute war der Hochweg dann leider etwas feucht f\u00fcr mich, und am Morgen hat es ein bisschen geschneit rund um die H\u00fctte. Dani hat mir am Morgen ein &#8222;Let it Snow&#8220; Video geschickt. Jetzt sind auch die n\u00e4chsten Tage eher regnerisch und k\u00fchl&#8230; Wir hoffen es wird dann n\u00e4chste Woche wenigstens besser, dass der erste August nicht ins Wasser f\u00e4llt. Wir haben dann einerseits Besuch auf den wir uns freuen und anderseits 2-3 Tage volle H\u00fctte in Folge, das w\u00e4re auch f\u00fcrs Gesch\u00e4ft ganz gut \ud83d\ude42 Aber wir lassen uns \u00fcberraschen und k\u00f6nnen es eh auch nicht \u00e4ndern. <br><br>Heute ist auch Ladina noch hochgekommen, auch sie wurde ziemlich nass am Morgen. Sie ist jetzt eine Woche bei uns, daf\u00fcr hat Anna ab morgen frei und Sebastian kommt wieder hoch. N\u00e4chste Woche hat dann auch J\u00e9r\u00f4me mal noch frei, so dass wir uns sch\u00f6n etwas abwechseln k\u00f6nnen. <\/p>","protected":false},"excerpt":{"rendered":"<p>Der Sommer macht irgendwie grad Pause? Gestern bin ich zwar trocken und sogar mit Sonne ins Tal gekommen und Dani auch wieder hoch. Ich habe dann noch gem\u00fctlich Kaffee und Kuchen genommen auf der Terrasse in Spinas bevor ich Richtung<\/p>","protected":false},"author":1,"featured_media":0,"comment_status":"closed","ping_status":"closed","sticky":false,"template":"","format":"standard","meta":{"inline_featured_image":false,"footnotes":""},"categories":[1],"tags":[],"class_list":["post-8888","post","type-post","status-publish","format-standard","hentry","category-allgemein"],"_links":{"self":[{"href":"http:\/\/www.chamannajenatsch.ch\/en\/wp-json\/wp\/v2\/posts\/8888","targetHints":{"allow":["GET"]}}],"collection":[{"href":"http:\/\/www.chamannajenatsch.ch\/en\/wp-json\/wp\/v2\/posts"}],"about":[{"href":"http:\/\/www.chamannajenatsch.ch\/en\/wp-json\/wp\/v2\/types\/post"}],"author":[{"embeddable":true,"href":"http:\/\/www.chamannajenatsch.ch\/en\/wp-json\/wp\/v2\/users\/1"}],"replies":[{"embeddable":true,"href":"http:\/\/www.chamannajenatsch.ch\/en\/wp-json\/wp\/v2\/comments?post=8888"}],"version-history":[{"count":1,"href":"http:\/\/www.chamannajenatsch.ch\/en\/wp-json\/wp\/v2\/posts\/8888\/revisions"}],"predecessor-version":[{"id":8889,"href":"http:\/\/www.chamannajenatsch.ch\/en\/wp-json\/wp\/v2\/posts\/8888\/revisions\/8889"}],"wp:attachment":[{"href":"http:\/\/www.chamannajenatsch.ch\/en\/wp-json\/wp\/v2\/media?parent=8888"}],"wp:term":[{"taxonomy":"category","embeddable":true,"href":"http:\/\/www.chamannajenatsch.ch\/en\/wp-json\/wp\/v2\/categories?post=8888"},{"taxonomy":"post_tag","embeddable":true,"href":"http:\/\/www.chamannajenatsch.ch\/en\/wp-json\/wp\/v2\/tags?post=8888"}],"curies":[{"name":"wp","href":"https:\/\/api.w.org\/{rel}","templated":true}]}}