{"id":8903,"date":"2025-07-29T17:28:32","date_gmt":"2025-07-29T15:28:32","guid":{"rendered":"https:\/\/www.chamannajenatsch.ch\/?p=8903"},"modified":"2025-07-29T17:28:35","modified_gmt":"2025-07-29T15:28:35","slug":"sun-is-back-2","status":"publish","type":"post","link":"http:\/\/www.chamannajenatsch.ch\/en\/2025\/07\/29\/sun-is-back-2\/","title":{"rendered":"Sun is back :-)"},"content":{"rendered":"<p>Oh, die Sonne ist wieder zur\u00fcck. Zwar noch nicht so richtig, aber immerhin mehr als die letzten Tage. Am Morgen hat es noch etwas geschneit, liegen geblieben ist aber nichts. Remo war oben am Calderas und am Picuogl, dort hat es 20cm Schnee im Moment. Aber bei uns ist es gr\u00fcn und auch \u00fcber die P\u00e4sse ist es schneefrei. Somit steht gutem Wanderwetter grunds\u00e4tzlich nichts im Weg \ud83d\ude09 Und es sieht richtig sch\u00f6n aus jetzt, mit dem Z\u00fcckerli oben und der klaren Luft. <\/p>\n\n\n\n<p>Wir haben jetzt schon ein bisschen etwas vorbereitet f\u00fcr morgen, dann ist es wieder deutlich voller am Abend mit knapp 60 G\u00e4sten. Und zudem kommt am Morgen auch noch der Heli. Vor allem der Gem\u00fcsenachschub wird dringend ben\u00f6tigt, wir sind ziemlich knapp und ausser Kartoffeln gibt es nicht mehr viel im Keller \ud83d\ude09 Heute gibt es Palak Paneer (mit Tiefk\u00fchlspinat) f\u00fcr die Vegis und Salbeigeschnetzeltes mit Erbsli (auch aus dem Tiefk\u00fchler) f\u00fcr die Nicht-Vegis. <\/p>","protected":false},"excerpt":{"rendered":"<p>Oh, die Sonne ist wieder zur\u00fcck. Zwar noch nicht so richtig, aber immerhin mehr als die letzten Tage. Am Morgen hat es noch etwas geschneit, liegen geblieben ist aber nichts. Remo war oben am Calderas und am Picuogl, dort hat<\/p>","protected":false},"author":1,"featured_media":0,"comment_status":"closed","ping_status":"closed","sticky":false,"template":"","format":"standard","meta":{"inline_featured_image":false,"footnotes":""},"categories":[1],"tags":[],"class_list":["post-8903","post","type-post","status-publish","format-standard","hentry","category-allgemein"],"_links":{"self":[{"href":"http:\/\/www.chamannajenatsch.ch\/en\/wp-json\/wp\/v2\/posts\/8903","targetHints":{"allow":["GET"]}}],"collection":[{"href":"http:\/\/www.chamannajenatsch.ch\/en\/wp-json\/wp\/v2\/posts"}],"about":[{"href":"http:\/\/www.chamannajenatsch.ch\/en\/wp-json\/wp\/v2\/types\/post"}],"author":[{"embeddable":true,"href":"http:\/\/www.chamannajenatsch.ch\/en\/wp-json\/wp\/v2\/users\/1"}],"replies":[{"embeddable":true,"href":"http:\/\/www.chamannajenatsch.ch\/en\/wp-json\/wp\/v2\/comments?post=8903"}],"version-history":[{"count":1,"href":"http:\/\/www.chamannajenatsch.ch\/en\/wp-json\/wp\/v2\/posts\/8903\/revisions"}],"predecessor-version":[{"id":8904,"href":"http:\/\/www.chamannajenatsch.ch\/en\/wp-json\/wp\/v2\/posts\/8903\/revisions\/8904"}],"wp:attachment":[{"href":"http:\/\/www.chamannajenatsch.ch\/en\/wp-json\/wp\/v2\/media?parent=8903"}],"wp:term":[{"taxonomy":"category","embeddable":true,"href":"http:\/\/www.chamannajenatsch.ch\/en\/wp-json\/wp\/v2\/categories?post=8903"},{"taxonomy":"post_tag","embeddable":true,"href":"http:\/\/www.chamannajenatsch.ch\/en\/wp-json\/wp\/v2\/tags?post=8903"}],"curies":[{"name":"wp","href":"https:\/\/api.w.org\/{rel}","templated":true}]}}