{"id":8905,"date":"2025-07-30T17:59:17","date_gmt":"2025-07-30T15:59:17","guid":{"rendered":"https:\/\/www.chamannajenatsch.ch\/?p=8905"},"modified":"2025-07-30T17:59:19","modified_gmt":"2025-07-30T15:59:19","slug":"ein-spezieller-mittwoch","status":"publish","type":"post","link":"http:\/\/www.chamannajenatsch.ch\/en\/2025\/07\/30\/ein-spezieller-mittwoch\/","title":{"rendered":"Ein spezieller Mittwoch"},"content":{"rendered":"<p>Was f\u00fcr ein Mittwoch! Wir haben heute an einem Mittwoch knapp 60 Leute angemeldet und somit f\u00fchlt es sich fast wie Samstag an. <br>Am Morgen war Remo noch hier, er ist aber bereits vor unserem Fr\u00fchst\u00fcck los, da endlich mal die Sonne schien. Wir haben dann einen Vollgas H\u00fcttenputz gemacht und kaum waren wir ready, kam die HeliBernina mit unserem Nachschub. Wir haben die 850 kg ratz fatz im Keller versorgt und konnten dann doch noch einen Kaffee trinken draussen! Endlich wieder mal seit Tagen nur in der H\u00fctte sitzen! Die Sonne war aber auch schon eher wieder etwas rar am Himmel&#8230; Dann kamen aber auch schon ein paar Tagesg\u00e4ste und kurz darauf die ersten \u00dcbernachtungsg\u00e4ste. Viele Kinder sind heute bei uns, und die j\u00fcngsten sind also ganz sch\u00f6n tapfer, mit ihrem kleinem Rucksack und Wanderschuhen sehen sie so herzig aus \ud83d\ude42 Und der Schoggikuchen lief entsprechend gut \ud83d\ude09<\/p>\n\n\n\n<p>Zum Zmittag kamen die Mutter und der Bruder von Ladina zu Besuch und wir haben zusammen Zmittag gegessen. So sch\u00f6n, danke f\u00fcr den Besuch \ud83d\ude42<\/p>\n\n\n\n<p>Leider kam vorher auch noch eine Familie an, bei denen die Eltern wohl eine Magen-Darm Grippe erwischt haben und somit ist auch die Rega noch zu Gast gewesen um die Kranken auszufliegen&#8230; Zu Hause legt man sich dann einfach ins Bett und wartet bis es vorbei ist, aber hier oben ist es noch viel weniger lustig&#8230; Jetzt sind sie in guter Obhut im Spital Samedan und hoffentlich bald genesen und zuhause. Wir w\u00fcnschen gute Besserung!<\/p>\n\n\n\n<p>Vorher haben wir auch die Nachricht gelesen, dass Laura Dahlmeier in den Pakistaner Bergen t\u00f6dlich verunfallt ist \ud83d\ude41 Nat\u00fcrlich haben wir sie nicht wirklich gekannt, aber Laura war mal als Bergf\u00fchrerin bei uns zu Gast im Winter, und wir haben sie als so sympatische junge Frau in Erinnerung. Habt ihr den Laila Peak mal gegoogelt? Ein krasser Berg! Ein sch\u00f6ner Berg! Aber Steinschlag kann einen \u00fcberall treffen, egal wie vorsichtig man ist. So traurig \ud83d\ude41 <\/p>\n\n\n\n<p>Sodeli, wir w\u00fcnschen euch zuhause einen geruhsamen Abend und hoffen, der Donnerstag kommt etwas weniger aufregend daher. <br><\/p>","protected":false},"excerpt":{"rendered":"<p>Was f\u00fcr ein Mittwoch! Wir haben heute an einem Mittwoch knapp 60 Leute angemeldet und somit f\u00fchlt es sich fast wie Samstag an. Am Morgen war Remo noch hier, er ist aber bereits vor unserem Fr\u00fchst\u00fcck los, da endlich mal<\/p>","protected":false},"author":1,"featured_media":0,"comment_status":"closed","ping_status":"closed","sticky":false,"template":"","format":"standard","meta":{"inline_featured_image":false,"footnotes":""},"categories":[1],"tags":[],"class_list":["post-8905","post","type-post","status-publish","format-standard","hentry","category-allgemein"],"_links":{"self":[{"href":"http:\/\/www.chamannajenatsch.ch\/en\/wp-json\/wp\/v2\/posts\/8905","targetHints":{"allow":["GET"]}}],"collection":[{"href":"http:\/\/www.chamannajenatsch.ch\/en\/wp-json\/wp\/v2\/posts"}],"about":[{"href":"http:\/\/www.chamannajenatsch.ch\/en\/wp-json\/wp\/v2\/types\/post"}],"author":[{"embeddable":true,"href":"http:\/\/www.chamannajenatsch.ch\/en\/wp-json\/wp\/v2\/users\/1"}],"replies":[{"embeddable":true,"href":"http:\/\/www.chamannajenatsch.ch\/en\/wp-json\/wp\/v2\/comments?post=8905"}],"version-history":[{"count":1,"href":"http:\/\/www.chamannajenatsch.ch\/en\/wp-json\/wp\/v2\/posts\/8905\/revisions"}],"predecessor-version":[{"id":8906,"href":"http:\/\/www.chamannajenatsch.ch\/en\/wp-json\/wp\/v2\/posts\/8905\/revisions\/8906"}],"wp:attachment":[{"href":"http:\/\/www.chamannajenatsch.ch\/en\/wp-json\/wp\/v2\/media?parent=8905"}],"wp:term":[{"taxonomy":"category","embeddable":true,"href":"http:\/\/www.chamannajenatsch.ch\/en\/wp-json\/wp\/v2\/categories?post=8905"},{"taxonomy":"post_tag","embeddable":true,"href":"http:\/\/www.chamannajenatsch.ch\/en\/wp-json\/wp\/v2\/tags?post=8905"}],"curies":[{"name":"wp","href":"https:\/\/api.w.org\/{rel}","templated":true}]}}