{"id":9420,"date":"2026-03-08T20:01:43","date_gmt":"2026-03-08T19:01:43","guid":{"rendered":"https:\/\/www.chamannajenatsch.ch\/?p=9420"},"modified":"2026-03-08T20:06:06","modified_gmt":"2026-03-08T19:06:06","slug":"sonntag-8","status":"publish","type":"post","link":"http:\/\/www.chamannajenatsch.ch\/en\/2026\/03\/08\/sonntag-8\/","title":{"rendered":"Sonn(tag)"},"content":{"rendered":"<p>Sodeli, heute wars ruhiger. In der K\u00fcche und in der Stube resp. auf der Terasse. Birk ist am Morgen ins Frei und sowohl Alicia &amp; co als auch Jasmin&#8217;s Besuch sind wieder nach Hause. C\u00e9lia und Dan waren auf dem Traunter Ovas, Jasmin hat ihren Besuch bis zur Fuorcla d&#8217;Agnel begleitet und Remo war schnell auf der Tschima da Flix. Dani, Fr\u00e4nzi, Henry und ich haben gesonnt und gefaulenzt \ud83d\ude42 Die ersten G\u00e4ste sind erst sp\u00e4t gekommen, so dass wir einen ganz chilligen Morgen hatten (nach dem H\u00fcttenputz nat\u00fcrlich, aber wir waren ja viele und somit gings gangs zackig). <\/p>\n\n\n\n<p>Sonst nix viel neues. C\u00e9lia und Dan gehen morgen wieder runter, fertig K\u00fcchenparty \ud83d\ude09 Dann sind wir wieder mehr in &#8222;Normalbesetzung&#8220; unterwegs. Schade man k\u00f6nnte sich irgendwie schon dran gew\u00f6hnen an so ein cooles Team von 8-10 Leuten die alle mithelfen, fast wie \u00fcber Silvester immer \ud83d\ude1b<\/p>","protected":false},"excerpt":{"rendered":"<p>Sodeli, heute wars ruhiger. In der K\u00fcche und in der Stube resp. auf der Terasse. Birk ist am Morgen ins Frei und sowohl Alicia &amp; co als auch Jasmin&#8217;s Besuch sind wieder nach Hause. C\u00e9lia und Dan waren auf dem<\/p>","protected":false},"author":1,"featured_media":0,"comment_status":"closed","ping_status":"closed","sticky":false,"template":"","format":"standard","meta":{"inline_featured_image":false,"footnotes":""},"categories":[1],"tags":[],"class_list":["post-9420","post","type-post","status-publish","format-standard","hentry","category-allgemein"],"_links":{"self":[{"href":"http:\/\/www.chamannajenatsch.ch\/en\/wp-json\/wp\/v2\/posts\/9420","targetHints":{"allow":["GET"]}}],"collection":[{"href":"http:\/\/www.chamannajenatsch.ch\/en\/wp-json\/wp\/v2\/posts"}],"about":[{"href":"http:\/\/www.chamannajenatsch.ch\/en\/wp-json\/wp\/v2\/types\/post"}],"author":[{"embeddable":true,"href":"http:\/\/www.chamannajenatsch.ch\/en\/wp-json\/wp\/v2\/users\/1"}],"replies":[{"embeddable":true,"href":"http:\/\/www.chamannajenatsch.ch\/en\/wp-json\/wp\/v2\/comments?post=9420"}],"version-history":[{"count":2,"href":"http:\/\/www.chamannajenatsch.ch\/en\/wp-json\/wp\/v2\/posts\/9420\/revisions"}],"predecessor-version":[{"id":9422,"href":"http:\/\/www.chamannajenatsch.ch\/en\/wp-json\/wp\/v2\/posts\/9420\/revisions\/9422"}],"wp:attachment":[{"href":"http:\/\/www.chamannajenatsch.ch\/en\/wp-json\/wp\/v2\/media?parent=9420"}],"wp:term":[{"taxonomy":"category","embeddable":true,"href":"http:\/\/www.chamannajenatsch.ch\/en\/wp-json\/wp\/v2\/categories?post=9420"},{"taxonomy":"post_tag","embeddable":true,"href":"http:\/\/www.chamannajenatsch.ch\/en\/wp-json\/wp\/v2\/tags?post=9420"}],"curies":[{"name":"wp","href":"https:\/\/api.w.org\/{rel}","templated":true}]}}