{"id":9427,"date":"2026-03-12T21:09:58","date_gmt":"2026-03-12T20:09:58","guid":{"rendered":"https:\/\/www.chamannajenatsch.ch\/?p=9427"},"modified":"2026-03-12T21:10:00","modified_gmt":"2026-03-12T20:10:00","slug":"freier-tag","status":"publish","type":"post","link":"http:\/\/www.chamannajenatsch.ch\/en\/2026\/03\/12\/freier-tag\/","title":{"rendered":"Freier Tag"},"content":{"rendered":"<p>Sodeli \ud83d\ude42 Dani und ich hatten gestern einen Tag frei und haben eine Nacht im Tal geschlafen. Wir sind am Morgen Richtung Preda und waren noch auf dem Piz Laviner. Dann haben wir die Sauna im Kurhaus in Berg\u00fcn genossen, ein feines Znacht gegessen und sind fr\u00fch schlafen gegangen. Heute morgen haben wir ein super Fr\u00fchst\u00fcck gegessen und sind via Piz Nair und Furocla Suvretta wieder zur\u00fcck zur H\u00fctte. War zwar nur eine kurze Pause, aber es hat trotzdem gut getan, einen Abend nur auf sich selber zu schauen \ud83d\ude42 <br>Jasmin ist heute Morgen auch ins Frei und Fr\u00e4nzi und Remo haben die H\u00fctte geschmissen \u00fcber Mittag bis wir wieder hier waren. Remo geht dann morgen schon wieder ins Tal \ud83d\ude41 Die verk\u00fcrzte Saison schon fertig mit ihm. Daf\u00fcr kommt dann Birk morgen wieder hoch. Ja so ist das, hoch, runter, immer ein bisschen ein anderes Team. Morgen kommen auch noch Nici und Angie zu Besuch f\u00fcrs Weekend \ud83d\ude42 Immer etwas los bei uns wie ihr seht \/ lest. <\/p>","protected":false},"excerpt":{"rendered":"<p>Sodeli \ud83d\ude42 Dani und ich hatten gestern einen Tag frei und haben eine Nacht im Tal geschlafen. Wir sind am Morgen Richtung Preda und waren noch auf dem Piz Laviner. Dann haben wir die Sauna im Kurhaus in Berg\u00fcn genossen,<\/p>","protected":false},"author":1,"featured_media":0,"comment_status":"closed","ping_status":"closed","sticky":false,"template":"","format":"standard","meta":{"inline_featured_image":false,"footnotes":""},"categories":[1],"tags":[],"class_list":["post-9427","post","type-post","status-publish","format-standard","hentry","category-allgemein"],"_links":{"self":[{"href":"http:\/\/www.chamannajenatsch.ch\/en\/wp-json\/wp\/v2\/posts\/9427","targetHints":{"allow":["GET"]}}],"collection":[{"href":"http:\/\/www.chamannajenatsch.ch\/en\/wp-json\/wp\/v2\/posts"}],"about":[{"href":"http:\/\/www.chamannajenatsch.ch\/en\/wp-json\/wp\/v2\/types\/post"}],"author":[{"embeddable":true,"href":"http:\/\/www.chamannajenatsch.ch\/en\/wp-json\/wp\/v2\/users\/1"}],"replies":[{"embeddable":true,"href":"http:\/\/www.chamannajenatsch.ch\/en\/wp-json\/wp\/v2\/comments?post=9427"}],"version-history":[{"count":1,"href":"http:\/\/www.chamannajenatsch.ch\/en\/wp-json\/wp\/v2\/posts\/9427\/revisions"}],"predecessor-version":[{"id":9428,"href":"http:\/\/www.chamannajenatsch.ch\/en\/wp-json\/wp\/v2\/posts\/9427\/revisions\/9428"}],"wp:attachment":[{"href":"http:\/\/www.chamannajenatsch.ch\/en\/wp-json\/wp\/v2\/media?parent=9427"}],"wp:term":[{"taxonomy":"category","embeddable":true,"href":"http:\/\/www.chamannajenatsch.ch\/en\/wp-json\/wp\/v2\/categories?post=9427"},{"taxonomy":"post_tag","embeddable":true,"href":"http:\/\/www.chamannajenatsch.ch\/en\/wp-json\/wp\/v2\/tags?post=9427"}],"curies":[{"name":"wp","href":"https:\/\/api.w.org\/{rel}","templated":true}]}}