{"id":1396,"date":"2019-06-27T08:57:30","date_gmt":"2019-06-27T06:57:30","guid":{"rendered":"http:\/\/www.chamannajenatsch.ch\/?p=1396"},"modified":"2019-06-27T08:57:32","modified_gmt":"2019-06-27T06:57:32","slug":"der-sommer-ist-da","status":"publish","type":"post","link":"https:\/\/www.chamannajenatsch.ch\/en\/2019\/06\/27\/der-sommer-ist-da\/","title":{"rendered":"Der Sommer ist da"},"content":{"rendered":"<p>Auch bei uns ist der Sommer angekommen \ud83d\ude42 Gestern Nachmittag zeigte das Thermometer 20 Grad!! F\u00fcr hier oben eine ganz sch\u00f6ne Hitze \ud83d\ude09 Wir denken an alle im Tal bei 35 Grad plus&#8230; Also am besten ab in die Berge! Wir haben noch genug Platz und auch noch ein wenig Schnee zum abk\u00fchlen die n\u00e4chsten Tage \ud83d\ude09<br><br>Bei diesem Wetter schmilzt der Schnee vor unseren Augen dahin. Sogar der Wegweiser vor dem Haus ist jetzt ganz schneefrei. Als wir vor knapp 2 Wochen gekommen sind lagen dort noch 1.5 m Schnee. <br><br>Wir geniessen die Sonne und die ruhige Zeit um noch einiges zu erledigen in der H\u00fctte. Heute steht wohl B\u00fcroarbeit an, w\u00e4\u00e4h, aber auch das muss leider sein. <br><br>Dann, gutes Schwitzen und bis bald!<br><\/p>\n\n\n\n<figure class=\"wp-block-image\"><img fetchpriority=\"high\" decoding=\"async\" width=\"1024\" height=\"576\" src=\"http:\/\/www.chamannajenatsch.ch\/wp-content\/uploads\/2019\/06\/WhatsApp-Image-2019-06-27-at-08.46.38-1024x576.jpeg\" alt=\"\" class=\"wp-image-1397\" srcset=\"https:\/\/www.chamannajenatsch.ch\/wp-content\/uploads\/2019\/06\/WhatsApp-Image-2019-06-27-at-08.46.38-1024x576.jpeg 1024w, https:\/\/www.chamannajenatsch.ch\/wp-content\/uploads\/2019\/06\/WhatsApp-Image-2019-06-27-at-08.46.38-300x169.jpeg 300w, https:\/\/www.chamannajenatsch.ch\/wp-content\/uploads\/2019\/06\/WhatsApp-Image-2019-06-27-at-08.46.38-768x432.jpeg 768w, https:\/\/www.chamannajenatsch.ch\/wp-content\/uploads\/2019\/06\/WhatsApp-Image-2019-06-27-at-08.46.38.jpeg 1920w\" sizes=\"(max-width: 1024px) 100vw, 1024px\" \/><figcaption>Wanderwetter!<\/figcaption><\/figure>","protected":false},"excerpt":{"rendered":"<p>Auch bei uns ist der Sommer angekommen \ud83d\ude42 Gestern Nachmittag zeigte das Thermometer 20 Grad!! F\u00fcr hier oben eine ganz sch\u00f6ne Hitze \ud83d\ude09 Wir denken an alle im Tal bei 35 Grad plus&#8230; Also am besten ab in die Berge!<\/p>","protected":false},"author":1,"featured_media":1397,"comment_status":"closed","ping_status":"closed","sticky":false,"template":"","format":"standard","meta":{"inline_featured_image":false,"footnotes":""},"categories":[1],"tags":[],"class_list":["post-1396","post","type-post","status-publish","format-standard","has-post-thumbnail","hentry","category-allgemein"],"_links":{"self":[{"href":"https:\/\/www.chamannajenatsch.ch\/en\/wp-json\/wp\/v2\/posts\/1396","targetHints":{"allow":["GET"]}}],"collection":[{"href":"https:\/\/www.chamannajenatsch.ch\/en\/wp-json\/wp\/v2\/posts"}],"about":[{"href":"https:\/\/www.chamannajenatsch.ch\/en\/wp-json\/wp\/v2\/types\/post"}],"author":[{"embeddable":true,"href":"https:\/\/www.chamannajenatsch.ch\/en\/wp-json\/wp\/v2\/users\/1"}],"replies":[{"embeddable":true,"href":"https:\/\/www.chamannajenatsch.ch\/en\/wp-json\/wp\/v2\/comments?post=1396"}],"version-history":[{"count":1,"href":"https:\/\/www.chamannajenatsch.ch\/en\/wp-json\/wp\/v2\/posts\/1396\/revisions"}],"predecessor-version":[{"id":1398,"href":"https:\/\/www.chamannajenatsch.ch\/en\/wp-json\/wp\/v2\/posts\/1396\/revisions\/1398"}],"wp:featuredmedia":[{"embeddable":true,"href":"https:\/\/www.chamannajenatsch.ch\/en\/wp-json\/wp\/v2\/media\/1397"}],"wp:attachment":[{"href":"https:\/\/www.chamannajenatsch.ch\/en\/wp-json\/wp\/v2\/media?parent=1396"}],"wp:term":[{"taxonomy":"category","embeddable":true,"href":"https:\/\/www.chamannajenatsch.ch\/en\/wp-json\/wp\/v2\/categories?post=1396"},{"taxonomy":"post_tag","embeddable":true,"href":"https:\/\/www.chamannajenatsch.ch\/en\/wp-json\/wp\/v2\/tags?post=1396"}],"curies":[{"name":"wp","href":"https:\/\/api.w.org\/{rel}","templated":true}]}}