{"id":1435,"date":"2019-07-06T09:37:01","date_gmt":"2019-07-06T07:37:01","guid":{"rendered":"http:\/\/www.chamannajenatsch.ch\/?p=1435"},"modified":"2019-07-07T08:46:29","modified_gmt":"2019-07-07T06:46:29","slug":"voll-kueche","status":"publish","type":"post","link":"https:\/\/www.chamannajenatsch.ch\/en\/2019\/07\/06\/voll-kueche\/","title":{"rendered":"Volle K\u00fcche"},"content":{"rendered":"<p>Bei dem sch\u00f6nen Wetter haben meine Eltern gestern morgen eine Tour gemacht auf den Tschima da Flix, w\u00e4hrend wir mit C\u00e9lia und Oulaid den H\u00fcttenwusel erledigt haben. Am Nachmittag waren wir dann zu 6 in der K\u00fcche. Ein entspannter marrokanischer Koch, fleissige Abwaschhilfen, Kuchen- und Brotb\u00e4cker, riesige Mengen Tomatensaucekocher, usw. Von der marrokanischen Gelassenheit m\u00fcssen wir uns noch ein St\u00fcck abschneiden \ud83d\ude09 Entspannt und locker zum Ziel: Zufriedene G\u00e4ste bei Pfefferminzee, Tajine und Zimtorangen \ud83d\ude09<\/p>\n\n\n\n<p>Nach dem Abendessen sind dann noch 3 Kollegen eingetroffen. So sassen wir dann f\u00fcr kurze Zeit noch zu 9 in unserer K\u00fcchenecke und hatten eine gem\u00fctliche Runde bevor wir dann ins Bett gingen. Die drei sind jetzt zum Piz d&#8217;Err unterwegs und werden uns nachher auch noch in der K\u00fcche unterst\u00fctzen. Veronika wird dann noch bis Dienstag bleiben zum Helfen \ud83d\ude42<br><br>Das n\u00e4chste Brot ist schon wieder gebacken und mein Wecker l\u00e4utet zur Erinnerung an den Backofen. Ein sch\u00f6nes Wochenende Euch allen, geniesst es!<br><\/p>\n\n\n\n<figure class=\"wp-block-image\"><img fetchpriority=\"high\" decoding=\"async\" width=\"1024\" height=\"576\" src=\"http:\/\/www.chamannajenatsch.ch\/wp-content\/uploads\/2019\/07\/WhatsApp-Image-2019-07-06-at-09.12.48-1024x576.jpeg\" alt=\"\" class=\"wp-image-1436\" srcset=\"https:\/\/www.chamannajenatsch.ch\/wp-content\/uploads\/2019\/07\/WhatsApp-Image-2019-07-06-at-09.12.48-1024x576.jpeg 1024w, https:\/\/www.chamannajenatsch.ch\/wp-content\/uploads\/2019\/07\/WhatsApp-Image-2019-07-06-at-09.12.48-300x169.jpeg 300w, https:\/\/www.chamannajenatsch.ch\/wp-content\/uploads\/2019\/07\/WhatsApp-Image-2019-07-06-at-09.12.48-768x432.jpeg 768w, https:\/\/www.chamannajenatsch.ch\/wp-content\/uploads\/2019\/07\/WhatsApp-Image-2019-07-06-at-09.12.48.jpeg 1920w\" sizes=\"(max-width: 1024px) 100vw, 1024px\" \/><figcaption>Blick aus unserem K\u00fcchenfenster gestern Abend \ud83d\ude42<\/figcaption><\/figure>","protected":false},"excerpt":{"rendered":"<p>Bei dem sch\u00f6nen Wetter haben meine Eltern gestern morgen eine Tour gemacht auf den Tschima da Flix, w\u00e4hrend wir mit C\u00e9lia und Oulaid den H\u00fcttenwusel erledigt haben. Am Nachmittag waren wir dann zu 6 in der K\u00fcche. Ein entspannter marrokanischer<\/p>","protected":false},"author":1,"featured_media":0,"comment_status":"closed","ping_status":"closed","sticky":false,"template":"","format":"standard","meta":{"inline_featured_image":false,"footnotes":""},"categories":[1],"tags":[],"class_list":["post-1435","post","type-post","status-publish","format-standard","hentry","category-allgemein"],"_links":{"self":[{"href":"https:\/\/www.chamannajenatsch.ch\/en\/wp-json\/wp\/v2\/posts\/1435","targetHints":{"allow":["GET"]}}],"collection":[{"href":"https:\/\/www.chamannajenatsch.ch\/en\/wp-json\/wp\/v2\/posts"}],"about":[{"href":"https:\/\/www.chamannajenatsch.ch\/en\/wp-json\/wp\/v2\/types\/post"}],"author":[{"embeddable":true,"href":"https:\/\/www.chamannajenatsch.ch\/en\/wp-json\/wp\/v2\/users\/1"}],"replies":[{"embeddable":true,"href":"https:\/\/www.chamannajenatsch.ch\/en\/wp-json\/wp\/v2\/comments?post=1435"}],"version-history":[{"count":3,"href":"https:\/\/www.chamannajenatsch.ch\/en\/wp-json\/wp\/v2\/posts\/1435\/revisions"}],"predecessor-version":[{"id":1439,"href":"https:\/\/www.chamannajenatsch.ch\/en\/wp-json\/wp\/v2\/posts\/1435\/revisions\/1439"}],"wp:attachment":[{"href":"https:\/\/www.chamannajenatsch.ch\/en\/wp-json\/wp\/v2\/media?parent=1435"}],"wp:term":[{"taxonomy":"category","embeddable":true,"href":"https:\/\/www.chamannajenatsch.ch\/en\/wp-json\/wp\/v2\/categories?post=1435"},{"taxonomy":"post_tag","embeddable":true,"href":"https:\/\/www.chamannajenatsch.ch\/en\/wp-json\/wp\/v2\/tags?post=1435"}],"curies":[{"name":"wp","href":"https:\/\/api.w.org\/{rel}","templated":true}]}}