{"id":1463,"date":"2019-07-14T07:59:26","date_gmt":"2019-07-14T05:59:26","guid":{"rendered":"http:\/\/www.chamannajenatsch.ch\/?p=1463"},"modified":"2019-07-14T07:59:53","modified_gmt":"2019-07-14T05:59:53","slug":"ein-guter-tag","status":"publish","type":"post","link":"https:\/\/www.chamannajenatsch.ch\/en\/2019\/07\/14\/ein-guter-tag\/","title":{"rendered":"Ein guter Tag"},"content":{"rendered":"<p>F\u00fcr die G\u00e4ste war es gestern ziemlich frisch und mit der Sonne war es auch nicht so&#8230; Heute ist es daf\u00fcr umso sch\u00f6ner \ud83d\ude42 Kalt ist es immer noch, aber stahlblauer Himmel daf\u00fcr. <br><br>F\u00fcr uns in der K\u00fcche war es ein guter Tag gestern. Da ich bereits am Donnerstag und Freitag fleissig gebacken hatte und wir nicht viel mit betten zu tun hatten, war es gestern sehr gem\u00fctlich. Zudem hatten wir am Abend ja viel Unterst\u00fctzung zum Salat schnippeln und soweiter. So konnten wir um 5 Uhr fast eine Stunde Pause machen und mit einem kleinen Apero anstossen auf den Besuch von Dani&#8217;s Schwester mit Freund, die Ankunft von Simona und den Besuch eines Flughelfers der Helibernina mit Partnerin \ud83d\ude42 <br><br>Mal schauen was der Tag heute bringt, ein bisschen s\u00f6nnele auf der Terasse w\u00e4re sch\u00f6n \ud83d\ude09 Wir hoffen ihr habt auch Zeit und k\u00f6nnt die Sonne geniessen!<br><\/p>\n\n\n\n<figure class=\"wp-block-image\"><img fetchpriority=\"high\" decoding=\"async\" width=\"1024\" height=\"576\" src=\"http:\/\/www.chamannajenatsch.ch\/wp-content\/uploads\/2019\/07\/WhatsApp-Image-2019-07-14-at-07.50.31-1024x576.jpeg\" alt=\"\" class=\"wp-image-1464\" srcset=\"https:\/\/www.chamannajenatsch.ch\/wp-content\/uploads\/2019\/07\/WhatsApp-Image-2019-07-14-at-07.50.31-1024x576.jpeg 1024w, https:\/\/www.chamannajenatsch.ch\/wp-content\/uploads\/2019\/07\/WhatsApp-Image-2019-07-14-at-07.50.31-300x169.jpeg 300w, https:\/\/www.chamannajenatsch.ch\/wp-content\/uploads\/2019\/07\/WhatsApp-Image-2019-07-14-at-07.50.31-768x432.jpeg 768w, https:\/\/www.chamannajenatsch.ch\/wp-content\/uploads\/2019\/07\/WhatsApp-Image-2019-07-14-at-07.50.31.jpeg 1920w\" sizes=\"(max-width: 1024px) 100vw, 1024px\" \/><\/figure>","protected":false},"excerpt":{"rendered":"<p>F\u00fcr die G\u00e4ste war es gestern ziemlich frisch und mit der Sonne war es auch nicht so&#8230; Heute ist es daf\u00fcr umso sch\u00f6ner \ud83d\ude42 Kalt ist es immer noch, aber stahlblauer Himmel daf\u00fcr. F\u00fcr uns in der K\u00fcche war es<\/p>","protected":false},"author":1,"featured_media":1464,"comment_status":"closed","ping_status":"closed","sticky":false,"template":"","format":"standard","meta":{"inline_featured_image":false,"footnotes":""},"categories":[1],"tags":[],"class_list":["post-1463","post","type-post","status-publish","format-standard","has-post-thumbnail","hentry","category-allgemein"],"_links":{"self":[{"href":"https:\/\/www.chamannajenatsch.ch\/en\/wp-json\/wp\/v2\/posts\/1463","targetHints":{"allow":["GET"]}}],"collection":[{"href":"https:\/\/www.chamannajenatsch.ch\/en\/wp-json\/wp\/v2\/posts"}],"about":[{"href":"https:\/\/www.chamannajenatsch.ch\/en\/wp-json\/wp\/v2\/types\/post"}],"author":[{"embeddable":true,"href":"https:\/\/www.chamannajenatsch.ch\/en\/wp-json\/wp\/v2\/users\/1"}],"replies":[{"embeddable":true,"href":"https:\/\/www.chamannajenatsch.ch\/en\/wp-json\/wp\/v2\/comments?post=1463"}],"version-history":[{"count":2,"href":"https:\/\/www.chamannajenatsch.ch\/en\/wp-json\/wp\/v2\/posts\/1463\/revisions"}],"predecessor-version":[{"id":1466,"href":"https:\/\/www.chamannajenatsch.ch\/en\/wp-json\/wp\/v2\/posts\/1463\/revisions\/1466"}],"wp:featuredmedia":[{"embeddable":true,"href":"https:\/\/www.chamannajenatsch.ch\/en\/wp-json\/wp\/v2\/media\/1464"}],"wp:attachment":[{"href":"https:\/\/www.chamannajenatsch.ch\/en\/wp-json\/wp\/v2\/media?parent=1463"}],"wp:term":[{"taxonomy":"category","embeddable":true,"href":"https:\/\/www.chamannajenatsch.ch\/en\/wp-json\/wp\/v2\/categories?post=1463"},{"taxonomy":"post_tag","embeddable":true,"href":"https:\/\/www.chamannajenatsch.ch\/en\/wp-json\/wp\/v2\/tags?post=1463"}],"curies":[{"name":"wp","href":"https:\/\/api.w.org\/{rel}","templated":true}]}}