{"id":1574,"date":"2019-08-06T12:18:15","date_gmt":"2019-08-06T10:18:15","guid":{"rendered":"http:\/\/www.chamannajenatsch.ch\/?p=1574"},"modified":"2019-08-06T12:20:31","modified_gmt":"2019-08-06T10:20:31","slug":"piz-derr","status":"publish","type":"post","link":"https:\/\/www.chamannajenatsch.ch\/en\/2019\/08\/06\/piz-derr\/","title":{"rendered":"Piz d&#8217;Err"},"content":{"rendered":"<p>Gestern morgen hatten die H\u00fcttenwarte frei \ud83d\ude42 Simona und Anna haben das Fr\u00fchst\u00fcck f\u00fcr die G\u00e4ste gemacht und den H\u00fcttenwusel erledigt, und wir sind Richtung Piz d&#8217;Err. Es war eine wunderbare Stimmung am Morgen und wir hatten Gl\u00fcck, dass die ganzen Schauer n\u00f6rdlich an uns vorbeigezogen sind. Bis auf 3 Schneeflocken blieben wir trocken! Der Weg zum Piz d&#8217;Err ist nur teilweise ein Genuss, der Gletscherr\u00fcckgang und das Auftauen des Permafrostes hat Ger\u00f6llhalden und br\u00f6cklige Felsen hervorgebracht. Der Gipfelaufbau \u00fcber den S\u00fcdostgrat ist aus erstaunlich gutem Fels und auch sch\u00f6n zu kraxeln. Die Aussicht von unterwegs und vom Gipfel ist fantastisch. Piz Platta, Piz Kesch, die Bernina Gruppe, das Bergell und bis zum Ortler reicht der Blick \ud83d\ude42  <\/p>\n\n\n\n<p>Um halb 12 waren wir dann wieder in der H\u00fctte und Simona ist ins Tal abgestiegen um ein paar freie Tage zu geniessen. Diese Woche haben wir ein paar ruhige Tage und wir k\u00f6nnen gut zu dritt unseres Programm erledigen. <br><\/p>\n\n\n\n<ul class=\"wp-block-gallery columns-2 is-cropped wp-block-gallery-1 is-layout-flex wp-block-gallery-is-layout-flex\"><li class=\"blocks-gallery-item\"><figure><img fetchpriority=\"high\" decoding=\"async\" width=\"1024\" height=\"576\" src=\"http:\/\/www.chamannajenatsch.ch\/wp-content\/uploads\/2019\/08\/WhatsApp-Image-2019-08-05-at-21.17.41-1024x576.jpeg\" alt=\"\" data-id=\"1575\" data-link=\"http:\/\/www.chamannajenatsch.ch\/?attachment_id=1575\" class=\"wp-image-1575\" srcset=\"https:\/\/www.chamannajenatsch.ch\/wp-content\/uploads\/2019\/08\/WhatsApp-Image-2019-08-05-at-21.17.41-1024x576.jpeg 1024w, https:\/\/www.chamannajenatsch.ch\/wp-content\/uploads\/2019\/08\/WhatsApp-Image-2019-08-05-at-21.17.41-300x169.jpeg 300w, https:\/\/www.chamannajenatsch.ch\/wp-content\/uploads\/2019\/08\/WhatsApp-Image-2019-08-05-at-21.17.41-768x432.jpeg 768w, https:\/\/www.chamannajenatsch.ch\/wp-content\/uploads\/2019\/08\/WhatsApp-Image-2019-08-05-at-21.17.41.jpeg 1920w\" sizes=\"(max-width: 1024px) 100vw, 1024px\" \/><figcaption>Blick Richtung Piz Bernina und Pal\u00fc oberhalb des Gletschersees des Vadret d&#8217;Err<\/figcaption><\/figure><\/li><li class=\"blocks-gallery-item\"><figure><img decoding=\"async\" width=\"1024\" height=\"576\" src=\"http:\/\/www.chamannajenatsch.ch\/wp-content\/uploads\/2019\/08\/WhatsApp-Image-2019-08-05-at-17.24.49-1024x576.jpeg\" alt=\"\" data-id=\"1576\" data-link=\"http:\/\/www.chamannajenatsch.ch\/?attachment_id=1576\" class=\"wp-image-1576\" srcset=\"https:\/\/www.chamannajenatsch.ch\/wp-content\/uploads\/2019\/08\/WhatsApp-Image-2019-08-05-at-17.24.49-1024x576.jpeg 1024w, https:\/\/www.chamannajenatsch.ch\/wp-content\/uploads\/2019\/08\/WhatsApp-Image-2019-08-05-at-17.24.49-300x169.jpeg 300w, https:\/\/www.chamannajenatsch.ch\/wp-content\/uploads\/2019\/08\/WhatsApp-Image-2019-08-05-at-17.24.49-768x432.jpeg 768w, https:\/\/www.chamannajenatsch.ch\/wp-content\/uploads\/2019\/08\/WhatsApp-Image-2019-08-05-at-17.24.49.jpeg 1920w\" sizes=\"(max-width: 1024px) 100vw, 1024px\" \/><figcaption>Piz Jenatsch und Piz Kesch links im Hintergrund<\/figcaption><\/figure><\/li><li class=\"blocks-gallery-item\"><figure><img decoding=\"async\" width=\"1024\" height=\"576\" src=\"http:\/\/www.chamannajenatsch.ch\/wp-content\/uploads\/2019\/08\/WhatsApp-Image-2019-08-05-at-17.24.48-1024x576.jpeg\" alt=\"\" data-id=\"1577\" data-link=\"http:\/\/www.chamannajenatsch.ch\/?attachment_id=1577\" class=\"wp-image-1577\" srcset=\"https:\/\/www.chamannajenatsch.ch\/wp-content\/uploads\/2019\/08\/WhatsApp-Image-2019-08-05-at-17.24.48-1024x576.jpeg 1024w, https:\/\/www.chamannajenatsch.ch\/wp-content\/uploads\/2019\/08\/WhatsApp-Image-2019-08-05-at-17.24.48-300x169.jpeg 300w, https:\/\/www.chamannajenatsch.ch\/wp-content\/uploads\/2019\/08\/WhatsApp-Image-2019-08-05-at-17.24.48-768x432.jpeg 768w, https:\/\/www.chamannajenatsch.ch\/wp-content\/uploads\/2019\/08\/WhatsApp-Image-2019-08-05-at-17.24.48.jpeg 1920w\" sizes=\"(max-width: 1024px) 100vw, 1024px\" \/><figcaption>Piz Jenatsch<\/figcaption><\/figure><\/li><li class=\"blocks-gallery-item\"><figure><img loading=\"lazy\" decoding=\"async\" width=\"1024\" height=\"576\" src=\"http:\/\/www.chamannajenatsch.ch\/wp-content\/uploads\/2019\/08\/WhatsApp-Image-2019-08-05-at-17.24.47-1024x576.jpeg\" alt=\"\" data-id=\"1578\" data-link=\"http:\/\/www.chamannajenatsch.ch\/?attachment_id=1578\" class=\"wp-image-1578\" srcset=\"https:\/\/www.chamannajenatsch.ch\/wp-content\/uploads\/2019\/08\/WhatsApp-Image-2019-08-05-at-17.24.47-1024x576.jpeg 1024w, https:\/\/www.chamannajenatsch.ch\/wp-content\/uploads\/2019\/08\/WhatsApp-Image-2019-08-05-at-17.24.47-300x169.jpeg 300w, https:\/\/www.chamannajenatsch.ch\/wp-content\/uploads\/2019\/08\/WhatsApp-Image-2019-08-05-at-17.24.47-768x432.jpeg 768w, https:\/\/www.chamannajenatsch.ch\/wp-content\/uploads\/2019\/08\/WhatsApp-Image-2019-08-05-at-17.24.47.jpeg 1920w\" sizes=\"(max-width: 1024px) 100vw, 1024px\" \/><figcaption>Aussicht vom Gipfel zum Piz Ela &amp; co<\/figcaption><\/figure><\/li><\/ul>","protected":false},"excerpt":{"rendered":"<p>Gestern morgen hatten die H\u00fcttenwarte frei \ud83d\ude42 Simona und Anna haben das Fr\u00fchst\u00fcck f\u00fcr die G\u00e4ste gemacht und den H\u00fcttenwusel erledigt, und wir sind Richtung Piz d&#8217;Err. Es war eine wunderbare Stimmung am Morgen und wir hatten Gl\u00fcck, dass die<\/p>","protected":false},"author":1,"featured_media":0,"comment_status":"closed","ping_status":"closed","sticky":false,"template":"","format":"standard","meta":{"inline_featured_image":false,"footnotes":""},"categories":[1],"tags":[],"class_list":["post-1574","post","type-post","status-publish","format-standard","hentry","category-allgemein"],"_links":{"self":[{"href":"https:\/\/www.chamannajenatsch.ch\/en\/wp-json\/wp\/v2\/posts\/1574","targetHints":{"allow":["GET"]}}],"collection":[{"href":"https:\/\/www.chamannajenatsch.ch\/en\/wp-json\/wp\/v2\/posts"}],"about":[{"href":"https:\/\/www.chamannajenatsch.ch\/en\/wp-json\/wp\/v2\/types\/post"}],"author":[{"embeddable":true,"href":"https:\/\/www.chamannajenatsch.ch\/en\/wp-json\/wp\/v2\/users\/1"}],"replies":[{"embeddable":true,"href":"https:\/\/www.chamannajenatsch.ch\/en\/wp-json\/wp\/v2\/comments?post=1574"}],"version-history":[{"count":2,"href":"https:\/\/www.chamannajenatsch.ch\/en\/wp-json\/wp\/v2\/posts\/1574\/revisions"}],"predecessor-version":[{"id":1580,"href":"https:\/\/www.chamannajenatsch.ch\/en\/wp-json\/wp\/v2\/posts\/1574\/revisions\/1580"}],"wp:attachment":[{"href":"https:\/\/www.chamannajenatsch.ch\/en\/wp-json\/wp\/v2\/media?parent=1574"}],"wp:term":[{"taxonomy":"category","embeddable":true,"href":"https:\/\/www.chamannajenatsch.ch\/en\/wp-json\/wp\/v2\/categories?post=1574"},{"taxonomy":"post_tag","embeddable":true,"href":"https:\/\/www.chamannajenatsch.ch\/en\/wp-json\/wp\/v2\/tags?post=1574"}],"curies":[{"name":"wp","href":"https:\/\/api.w.org\/{rel}","templated":true}]}}