{"id":1618,"date":"2019-08-10T12:47:10","date_gmt":"2019-08-10T10:47:10","guid":{"rendered":"http:\/\/www.chamannajenatsch.ch\/?p=1618"},"modified":"2019-08-10T12:47:12","modified_gmt":"2019-08-10T10:47:12","slug":"wetter-perfecto","status":"publish","type":"post","link":"https:\/\/www.chamannajenatsch.ch\/en\/2019\/08\/10\/wetter-perfecto\/","title":{"rendered":"Wetter perfecto"},"content":{"rendered":"<p>Gestern war ein fantastischer Tag! Sonne vom Morgen bis Abend, richtig warm war es und neben Zmorgen und Zmittag in der Sonne, hatten auch alle noch ein bisschen Zeit f\u00fcr Pause. Dani hat ein Mittagsschl\u00e4fli an der Sonne gemacht, Simona und Anna waren beim Gletschersee des Vadret d&#8217;Err und ich bin Richtung Cresta Jenatsch hinaufgestiegen und \u00fcber das Plateau auch bis zum Gletschersee nach hinten gelaufen. Dort oben ist man fernab von der Zivilisation. Gemsi, Adler und Schneeh\u00fchner habe ich angetroffen und zur H\u00fctte runtergschaut. Zudem hat man eine wunderbare Aussicht zum Bernina Massiv mit Bianco Grat, Piz Roseg, Pal\u00fc etc. <br><br>Heute Abend ist Full House und wir haben bereits Kuchen, W\u00e4he, Zopf und Brot gebacken \ud83d\ude42<\/p>\n\n\n\n<figure class=\"wp-block-image\"><img fetchpriority=\"high\" decoding=\"async\" width=\"1024\" height=\"768\" src=\"http:\/\/www.chamannajenatsch.ch\/wp-content\/uploads\/2019\/08\/WhatsApp-Image-2019-08-10-at-12.39.42-1024x768.jpeg\" alt=\"\" class=\"wp-image-1619\" srcset=\"https:\/\/www.chamannajenatsch.ch\/wp-content\/uploads\/2019\/08\/WhatsApp-Image-2019-08-10-at-12.39.42-1024x768.jpeg 1024w, https:\/\/www.chamannajenatsch.ch\/wp-content\/uploads\/2019\/08\/WhatsApp-Image-2019-08-10-at-12.39.42-300x225.jpeg 300w, https:\/\/www.chamannajenatsch.ch\/wp-content\/uploads\/2019\/08\/WhatsApp-Image-2019-08-10-at-12.39.42-768x576.jpeg 768w, https:\/\/www.chamannajenatsch.ch\/wp-content\/uploads\/2019\/08\/WhatsApp-Image-2019-08-10-at-12.39.42.jpeg 1920w\" sizes=\"(max-width: 1024px) 100vw, 1024px\" \/><\/figure>","protected":false},"excerpt":{"rendered":"<p>Gestern war ein fantastischer Tag! Sonne vom Morgen bis Abend, richtig warm war es und neben Zmorgen und Zmittag in der Sonne, hatten auch alle noch ein bisschen Zeit f\u00fcr Pause. Dani hat ein Mittagsschl\u00e4fli an der Sonne gemacht, Simona<\/p>","protected":false},"author":1,"featured_media":0,"comment_status":"closed","ping_status":"closed","sticky":false,"template":"","format":"standard","meta":{"inline_featured_image":false,"footnotes":""},"categories":[1],"tags":[],"class_list":["post-1618","post","type-post","status-publish","format-standard","hentry","category-allgemein"],"_links":{"self":[{"href":"https:\/\/www.chamannajenatsch.ch\/en\/wp-json\/wp\/v2\/posts\/1618","targetHints":{"allow":["GET"]}}],"collection":[{"href":"https:\/\/www.chamannajenatsch.ch\/en\/wp-json\/wp\/v2\/posts"}],"about":[{"href":"https:\/\/www.chamannajenatsch.ch\/en\/wp-json\/wp\/v2\/types\/post"}],"author":[{"embeddable":true,"href":"https:\/\/www.chamannajenatsch.ch\/en\/wp-json\/wp\/v2\/users\/1"}],"replies":[{"embeddable":true,"href":"https:\/\/www.chamannajenatsch.ch\/en\/wp-json\/wp\/v2\/comments?post=1618"}],"version-history":[{"count":1,"href":"https:\/\/www.chamannajenatsch.ch\/en\/wp-json\/wp\/v2\/posts\/1618\/revisions"}],"predecessor-version":[{"id":1620,"href":"https:\/\/www.chamannajenatsch.ch\/en\/wp-json\/wp\/v2\/posts\/1618\/revisions\/1620"}],"wp:attachment":[{"href":"https:\/\/www.chamannajenatsch.ch\/en\/wp-json\/wp\/v2\/media?parent=1618"}],"wp:term":[{"taxonomy":"category","embeddable":true,"href":"https:\/\/www.chamannajenatsch.ch\/en\/wp-json\/wp\/v2\/categories?post=1618"},{"taxonomy":"post_tag","embeddable":true,"href":"https:\/\/www.chamannajenatsch.ch\/en\/wp-json\/wp\/v2\/tags?post=1618"}],"curies":[{"name":"wp","href":"https:\/\/api.w.org\/{rel}","templated":true}]}}