{"id":1629,"date":"2019-08-16T07:46:40","date_gmt":"2019-08-16T05:46:40","guid":{"rendered":"http:\/\/www.chamannajenatsch.ch\/?p=1629"},"modified":"2019-08-16T07:46:43","modified_gmt":"2019-08-16T05:46:43","slug":"brrr","status":"publish","type":"post","link":"https:\/\/www.chamannajenatsch.ch\/en\/2019\/08\/16\/brrr\/","title":{"rendered":"Brrr"},"content":{"rendered":"<p>Brrr, das ist ein kalter Tagesstart heute. Wir hatten uns mental auf sch\u00f6nes Sommerwetter eingestellt heute und beim Erwachen gibts Wolken und Schnee. Die armen Bl\u00fcemli auf der Terasse hatten sich gerade vom letzten Frost erholt\u2026 Und auch Simona und Anna, die am morgen fr\u00fch Richtung Tschima da Flix aufgebrochen sind, hatten es sich wohl anders vorgestellt\u2026 Jetzt dr\u00fcckt aber die Sonne und es ist wundersch\u00f6n. Deswegen gibt es jetzt nicht weiter viel Blabla, sondern ein paar Fotos f\u00fcr Euch \ud83d\ude09<\/p>\n\n\n\n<ul class=\"wp-block-gallery columns-1 is-cropped wp-block-gallery-1 is-layout-flex wp-block-gallery-is-layout-flex\"><li class=\"blocks-gallery-item\"><figure><img fetchpriority=\"high\" decoding=\"async\" width=\"1024\" height=\"576\" src=\"http:\/\/www.chamannajenatsch.ch\/wp-content\/uploads\/2019\/08\/WhatsApp-Image-2019-08-16-at-07.28.11-1-1024x576.jpeg\" alt=\"\" data-id=\"1635\" data-link=\"http:\/\/www.chamannajenatsch.ch\/?attachment_id=1635\" class=\"wp-image-1635\" srcset=\"https:\/\/www.chamannajenatsch.ch\/wp-content\/uploads\/2019\/08\/WhatsApp-Image-2019-08-16-at-07.28.11-1-1024x576.jpeg 1024w, https:\/\/www.chamannajenatsch.ch\/wp-content\/uploads\/2019\/08\/WhatsApp-Image-2019-08-16-at-07.28.11-1-300x169.jpeg 300w, https:\/\/www.chamannajenatsch.ch\/wp-content\/uploads\/2019\/08\/WhatsApp-Image-2019-08-16-at-07.28.11-1-768x432.jpeg 768w, https:\/\/www.chamannajenatsch.ch\/wp-content\/uploads\/2019\/08\/WhatsApp-Image-2019-08-16-at-07.28.11-1.jpeg 1920w\" sizes=\"(max-width: 1024px) 100vw, 1024px\" \/><\/figure><\/li><li class=\"blocks-gallery-item\"><figure><img decoding=\"async\" src=\"blob:http:\/\/www.chamannajenatsch.ch\/b2b0bfea-c5fe-4646-9fd2-b04c19401ded\"\/><\/figure><\/li><li class=\"blocks-gallery-item\"><figure><img decoding=\"async\" src=\"blob:http:\/\/www.chamannajenatsch.ch\/eac35a99-8e0e-0446-8d99-c0f6c398da08\"\/><\/figure><\/li><\/ul>","protected":false},"excerpt":{"rendered":"<p>Brrr, das ist ein kalter Tagesstart heute. Wir hatten uns mental auf sch\u00f6nes Sommerwetter eingestellt heute und beim Erwachen gibts Wolken und Schnee. Die armen Bl\u00fcemli auf der Terasse hatten sich gerade vom letzten Frost erholt\u2026 Und auch Simona und<\/p>","protected":false},"author":1,"featured_media":0,"comment_status":"closed","ping_status":"closed","sticky":false,"template":"","format":"standard","meta":{"inline_featured_image":false,"footnotes":""},"categories":[1],"tags":[],"class_list":["post-1629","post","type-post","status-publish","format-standard","hentry","category-allgemein"],"_links":{"self":[{"href":"https:\/\/www.chamannajenatsch.ch\/en\/wp-json\/wp\/v2\/posts\/1629","targetHints":{"allow":["GET"]}}],"collection":[{"href":"https:\/\/www.chamannajenatsch.ch\/en\/wp-json\/wp\/v2\/posts"}],"about":[{"href":"https:\/\/www.chamannajenatsch.ch\/en\/wp-json\/wp\/v2\/types\/post"}],"author":[{"embeddable":true,"href":"https:\/\/www.chamannajenatsch.ch\/en\/wp-json\/wp\/v2\/users\/1"}],"replies":[{"embeddable":true,"href":"https:\/\/www.chamannajenatsch.ch\/en\/wp-json\/wp\/v2\/comments?post=1629"}],"version-history":[{"count":3,"href":"https:\/\/www.chamannajenatsch.ch\/en\/wp-json\/wp\/v2\/posts\/1629\/revisions"}],"predecessor-version":[{"id":1639,"href":"https:\/\/www.chamannajenatsch.ch\/en\/wp-json\/wp\/v2\/posts\/1629\/revisions\/1639"}],"wp:attachment":[{"href":"https:\/\/www.chamannajenatsch.ch\/en\/wp-json\/wp\/v2\/media?parent=1629"}],"wp:term":[{"taxonomy":"category","embeddable":true,"href":"https:\/\/www.chamannajenatsch.ch\/en\/wp-json\/wp\/v2\/categories?post=1629"},{"taxonomy":"post_tag","embeddable":true,"href":"https:\/\/www.chamannajenatsch.ch\/en\/wp-json\/wp\/v2\/tags?post=1629"}],"curies":[{"name":"wp","href":"https:\/\/api.w.org\/{rel}","templated":true}]}}