{"id":1661,"date":"2019-08-20T12:35:39","date_gmt":"2019-08-20T10:35:39","guid":{"rendered":"http:\/\/www.chamannajenatsch.ch\/?p=1661"},"modified":"2019-08-20T12:35:42","modified_gmt":"2019-08-20T10:35:42","slug":"nebelstimmung","status":"publish","type":"post","link":"https:\/\/www.chamannajenatsch.ch\/en\/2019\/08\/20\/nebelstimmung\/","title":{"rendered":"Nebelstimmung"},"content":{"rendered":"<p>Gestern startete der Tag mit Regen, dann gab es eine super Nebelstimmung zum Sonnenaufgang, dann wieder Regen, Sonne, Regen, Sonne und am Ende wieder Nebel zum Tagesende. F\u00fcr die G\u00e4ste waren die Regenabschnitte sicherlich nicht sehr angenehm, aber die Nebelstimmungen haben etwas besonderes&#8230;<br>Dani ist gestern ins Tal und wird sich die Tage ein bisschen erholen. Jetzt ist die H\u00fctte in Frauenhand f\u00fcr 3 Tage \ud83d\ude09 Simona und Anna haben die H\u00fctte heute wieder auf Vordermann gebracht und ausgiebig gewischt und geputzt und jetzt wird gebacken und gechillt. Ich habe schon fleissig Rechnungen bezahlt und gestellt und am Nachmittag werden wir alle mal ein bisschen gem\u00fc\u00fc\u00fctli machen. <br>Und vielleicht kommt die HeliBernina noch in einem Moment wo sich der Wind beruhigt und die Sicht frei ist \ud83d\ude09<\/p>\n\n\n\n<ul class=\"wp-block-gallery columns-2 is-cropped wp-block-gallery-1 is-layout-flex wp-block-gallery-is-layout-flex\"><li class=\"blocks-gallery-item\"><figure><img fetchpriority=\"high\" decoding=\"async\" width=\"1024\" height=\"576\" src=\"http:\/\/www.chamannajenatsch.ch\/wp-content\/uploads\/2019\/08\/WhatsApp-Image-2019-08-20-at-12.28.34-1024x576.jpeg\" alt=\"\" data-id=\"1662\" data-link=\"http:\/\/www.chamannajenatsch.ch\/?attachment_id=1662\" class=\"wp-image-1662\" srcset=\"https:\/\/www.chamannajenatsch.ch\/wp-content\/uploads\/2019\/08\/WhatsApp-Image-2019-08-20-at-12.28.34-1024x576.jpeg 1024w, https:\/\/www.chamannajenatsch.ch\/wp-content\/uploads\/2019\/08\/WhatsApp-Image-2019-08-20-at-12.28.34-300x169.jpeg 300w, https:\/\/www.chamannajenatsch.ch\/wp-content\/uploads\/2019\/08\/WhatsApp-Image-2019-08-20-at-12.28.34-768x432.jpeg 768w, https:\/\/www.chamannajenatsch.ch\/wp-content\/uploads\/2019\/08\/WhatsApp-Image-2019-08-20-at-12.28.34.jpeg 1920w\" sizes=\"(max-width: 1024px) 100vw, 1024px\" \/><\/figure><\/li><li class=\"blocks-gallery-item\"><figure><img decoding=\"async\" width=\"1024\" height=\"576\" src=\"http:\/\/www.chamannajenatsch.ch\/wp-content\/uploads\/2019\/08\/WhatsApp-Image-2019-08-20-at-12.28.04-1024x576.jpeg\" alt=\"\" data-id=\"1663\" data-link=\"http:\/\/www.chamannajenatsch.ch\/?attachment_id=1663\" class=\"wp-image-1663\" srcset=\"https:\/\/www.chamannajenatsch.ch\/wp-content\/uploads\/2019\/08\/WhatsApp-Image-2019-08-20-at-12.28.04-1024x576.jpeg 1024w, https:\/\/www.chamannajenatsch.ch\/wp-content\/uploads\/2019\/08\/WhatsApp-Image-2019-08-20-at-12.28.04-300x169.jpeg 300w, https:\/\/www.chamannajenatsch.ch\/wp-content\/uploads\/2019\/08\/WhatsApp-Image-2019-08-20-at-12.28.04-768x432.jpeg 768w, https:\/\/www.chamannajenatsch.ch\/wp-content\/uploads\/2019\/08\/WhatsApp-Image-2019-08-20-at-12.28.04.jpeg 1920w\" sizes=\"(max-width: 1024px) 100vw, 1024px\" \/><\/figure><\/li><\/ul>","protected":false},"excerpt":{"rendered":"<p>Gestern startete der Tag mit Regen, dann gab es eine super Nebelstimmung zum Sonnenaufgang, dann wieder Regen, Sonne, Regen, Sonne und am Ende wieder Nebel zum Tagesende. F\u00fcr die G\u00e4ste waren die Regenabschnitte sicherlich nicht sehr angenehm, aber die Nebelstimmungen<\/p>","protected":false},"author":1,"featured_media":0,"comment_status":"closed","ping_status":"closed","sticky":false,"template":"","format":"standard","meta":{"inline_featured_image":false,"footnotes":""},"categories":[1],"tags":[],"class_list":["post-1661","post","type-post","status-publish","format-standard","hentry","category-allgemein"],"_links":{"self":[{"href":"https:\/\/www.chamannajenatsch.ch\/en\/wp-json\/wp\/v2\/posts\/1661","targetHints":{"allow":["GET"]}}],"collection":[{"href":"https:\/\/www.chamannajenatsch.ch\/en\/wp-json\/wp\/v2\/posts"}],"about":[{"href":"https:\/\/www.chamannajenatsch.ch\/en\/wp-json\/wp\/v2\/types\/post"}],"author":[{"embeddable":true,"href":"https:\/\/www.chamannajenatsch.ch\/en\/wp-json\/wp\/v2\/users\/1"}],"replies":[{"embeddable":true,"href":"https:\/\/www.chamannajenatsch.ch\/en\/wp-json\/wp\/v2\/comments?post=1661"}],"version-history":[{"count":1,"href":"https:\/\/www.chamannajenatsch.ch\/en\/wp-json\/wp\/v2\/posts\/1661\/revisions"}],"predecessor-version":[{"id":1664,"href":"https:\/\/www.chamannajenatsch.ch\/en\/wp-json\/wp\/v2\/posts\/1661\/revisions\/1664"}],"wp:attachment":[{"href":"https:\/\/www.chamannajenatsch.ch\/en\/wp-json\/wp\/v2\/media?parent=1661"}],"wp:term":[{"taxonomy":"category","embeddable":true,"href":"https:\/\/www.chamannajenatsch.ch\/en\/wp-json\/wp\/v2\/categories?post=1661"},{"taxonomy":"post_tag","embeddable":true,"href":"https:\/\/www.chamannajenatsch.ch\/en\/wp-json\/wp\/v2\/tags?post=1661"}],"curies":[{"name":"wp","href":"https:\/\/api.w.org\/{rel}","templated":true}]}}