{"id":2006,"date":"2019-12-26T22:06:49","date_gmt":"2019-12-26T21:06:49","guid":{"rendered":"http:\/\/www.chamannajenatsch.ch\/?p=2006"},"modified":"2019-12-26T22:08:14","modified_gmt":"2019-12-26T21:08:14","slug":"stuermische-weihnachten-26-dez","status":"publish","type":"post","link":"https:\/\/www.chamannajenatsch.ch\/en\/2019\/12\/26\/stuermische-weihnachten-26-dez\/","title":{"rendered":"St\u00fcrmische Weihnachten &#8211; 26. Dez"},"content":{"rendered":"<p>Unsere erste Weihnachten auf der Jenatschh\u00fctte, schon fast vorbei! Wir haben ein paar ruhige Tage in st\u00fcrmischer Umgebung hier oben verbracht. Irgendwie ist es schon beeindruckend wenn der Wind um die H\u00fctte pfeift und an den Fensterl\u00e4den r\u00fcttelt, es draussen neblig oder dunkel ist, und man zu zweit allein in der H\u00fctte sitzt, beim Feuer, fernab der Zivilisation und der Welt. <br>Die 4 Tage hier oben vergingen wieder wie im Flug. Ein Grossteil der Zeit haben wir mit Heizen verbracht. Gef\u00fchlt tonnenweise Holz haben wir in den Ofen geschoben \ud83d\ude09 Um es dann bei 13 Grad in der K\u00fcche schon richtig warm zu finden \ud83d\ude09<br>Ansonsten war Dani mit Heizung entl\u00fcften, L\u00fcftungsrohr stopfen, Turbine und Sandfang kontrollieren besch\u00e4ftigt, w\u00e4hrend ich f\u00fcr die Deko zust\u00e4ndig war und Brot, Zopf und Linzertorte gebacken habe.<br>Heute kamen unsere ersten Winterg\u00e4ste an! Morgen ist es wohl nochmals grau, aber nachher wird es einige sonnige Tage geben so wie es aussieht. Das spiegelt sich auch in den Reservationen wieder: immer mehr Anmeldung kommen rein und wir sind ab Samstag richtig gut ausgelastet \ud83d\ude42<\/p>\n\n\n\n<figure class=\"wp-block-image\"><img fetchpriority=\"high\" decoding=\"async\" width=\"1024\" height=\"753\" src=\"http:\/\/www.chamannajenatsch.ch\/wp-content\/uploads\/2019\/12\/WhatsApp-Image-2019-12-26-at-21.29.46-e1577394442782-1024x753.jpeg\" alt=\"\" class=\"wp-image-2007\" srcset=\"https:\/\/www.chamannajenatsch.ch\/wp-content\/uploads\/2019\/12\/WhatsApp-Image-2019-12-26-at-21.29.46-e1577394442782-1024x753.jpeg 1024w, https:\/\/www.chamannajenatsch.ch\/wp-content\/uploads\/2019\/12\/WhatsApp-Image-2019-12-26-at-21.29.46-e1577394442782-300x221.jpeg 300w, https:\/\/www.chamannajenatsch.ch\/wp-content\/uploads\/2019\/12\/WhatsApp-Image-2019-12-26-at-21.29.46-e1577394442782-768x565.jpeg 768w, https:\/\/www.chamannajenatsch.ch\/wp-content\/uploads\/2019\/12\/WhatsApp-Image-2019-12-26-at-21.29.46-e1577394442782.jpeg 1566w\" sizes=\"(max-width: 1024px) 100vw, 1024px\" \/><figcaption>Weihnachstlinzertorte &#8211; Wo ist Pappa Giachen? \ud83d\ude09<\/figcaption><\/figure>","protected":false},"excerpt":{"rendered":"<p>Unsere erste Weihnachten auf der Jenatschh\u00fctte, schon fast vorbei! Wir haben ein paar ruhige Tage in st\u00fcrmischer Umgebung hier oben verbracht. Irgendwie ist es schon beeindruckend wenn der Wind um die H\u00fctte pfeift und an den Fensterl\u00e4den r\u00fcttelt, es draussen<\/p>","protected":false},"author":1,"featured_media":0,"comment_status":"closed","ping_status":"closed","sticky":false,"template":"","format":"standard","meta":{"inline_featured_image":false,"footnotes":""},"categories":[1],"tags":[],"class_list":["post-2006","post","type-post","status-publish","format-standard","hentry","category-allgemein"],"_links":{"self":[{"href":"https:\/\/www.chamannajenatsch.ch\/en\/wp-json\/wp\/v2\/posts\/2006","targetHints":{"allow":["GET"]}}],"collection":[{"href":"https:\/\/www.chamannajenatsch.ch\/en\/wp-json\/wp\/v2\/posts"}],"about":[{"href":"https:\/\/www.chamannajenatsch.ch\/en\/wp-json\/wp\/v2\/types\/post"}],"author":[{"embeddable":true,"href":"https:\/\/www.chamannajenatsch.ch\/en\/wp-json\/wp\/v2\/users\/1"}],"replies":[{"embeddable":true,"href":"https:\/\/www.chamannajenatsch.ch\/en\/wp-json\/wp\/v2\/comments?post=2006"}],"version-history":[{"count":2,"href":"https:\/\/www.chamannajenatsch.ch\/en\/wp-json\/wp\/v2\/posts\/2006\/revisions"}],"predecessor-version":[{"id":2009,"href":"https:\/\/www.chamannajenatsch.ch\/en\/wp-json\/wp\/v2\/posts\/2006\/revisions\/2009"}],"wp:attachment":[{"href":"https:\/\/www.chamannajenatsch.ch\/en\/wp-json\/wp\/v2\/media?parent=2006"}],"wp:term":[{"taxonomy":"category","embeddable":true,"href":"https:\/\/www.chamannajenatsch.ch\/en\/wp-json\/wp\/v2\/categories?post=2006"},{"taxonomy":"post_tag","embeddable":true,"href":"https:\/\/www.chamannajenatsch.ch\/en\/wp-json\/wp\/v2\/tags?post=2006"}],"curies":[{"name":"wp","href":"https:\/\/api.w.org\/{rel}","templated":true}]}}