{"id":2018,"date":"2019-12-30T11:32:26","date_gmt":"2019-12-30T10:32:26","guid":{"rendered":"http:\/\/www.chamannajenatsch.ch\/?p=2018"},"modified":"2019-12-30T11:34:35","modified_gmt":"2019-12-30T10:34:35","slug":"sonne-pur-30-dez","status":"publish","type":"post","link":"https:\/\/www.chamannajenatsch.ch\/en\/2019\/12\/30\/sonne-pur-30-dez\/","title":{"rendered":"Sonne pur &#8211; 30. Dez"},"content":{"rendered":"<p>Die Sonne verw\u00f6hnt uns die letzten Tage des Jahres. Nachdem Petrus jetzt netterweise auch den Wind abgestellt hat, ist es wunderbares Touren- und Terassenwetter. Auch das H\u00fcttenteam hat sich ein paar Minuten Zeit genommen und ein Kaffee in der Sonne genossen. <br>Nur das mit dem Warmwasser und W\u00e4schetrocknen ist ein Problem. Die Tage sind einfach zu kurz und die Sonneneinstrahlung zu schwach um die Solarpanel richtig aufzuheizen und so m\u00fcssen wir eigentlich alles Warmwasser in der K\u00fcche kochen. Abwaschen, W\u00e4schewaschen, Duschen f\u00fcr das H\u00fcttenteam ist alles auf ein Minimum reduziert. \u00dcberall im Haus und auf der Terasse h\u00e4ngen Saunat\u00fccher die irgendwie ewigs auf sich warten lassen bis sie trocken sind. <br><br>Gestern haben wir aber schon fleissig gebacken und vorbereitet, so dass wir die n\u00e4chsten 2 Tage hoffentlich gut \u00fcberstehen und unsere G\u00e4ste sich verw\u00f6hnt f\u00fchlen k\u00f6nnen \ud83d\ude09<\/p>","protected":false},"excerpt":{"rendered":"<p>Die Sonne verw\u00f6hnt uns die letzten Tage des Jahres. Nachdem Petrus jetzt netterweise auch den Wind abgestellt hat, ist es wunderbares Touren- und Terassenwetter. Auch das H\u00fcttenteam hat sich ein paar Minuten Zeit genommen und ein Kaffee in der Sonne<\/p>","protected":false},"author":1,"featured_media":0,"comment_status":"closed","ping_status":"closed","sticky":false,"template":"","format":"standard","meta":{"inline_featured_image":false,"footnotes":""},"categories":[1],"tags":[],"class_list":["post-2018","post","type-post","status-publish","format-standard","hentry","category-allgemein"],"_links":{"self":[{"href":"https:\/\/www.chamannajenatsch.ch\/en\/wp-json\/wp\/v2\/posts\/2018","targetHints":{"allow":["GET"]}}],"collection":[{"href":"https:\/\/www.chamannajenatsch.ch\/en\/wp-json\/wp\/v2\/posts"}],"about":[{"href":"https:\/\/www.chamannajenatsch.ch\/en\/wp-json\/wp\/v2\/types\/post"}],"author":[{"embeddable":true,"href":"https:\/\/www.chamannajenatsch.ch\/en\/wp-json\/wp\/v2\/users\/1"}],"replies":[{"embeddable":true,"href":"https:\/\/www.chamannajenatsch.ch\/en\/wp-json\/wp\/v2\/comments?post=2018"}],"version-history":[{"count":2,"href":"https:\/\/www.chamannajenatsch.ch\/en\/wp-json\/wp\/v2\/posts\/2018\/revisions"}],"predecessor-version":[{"id":2020,"href":"https:\/\/www.chamannajenatsch.ch\/en\/wp-json\/wp\/v2\/posts\/2018\/revisions\/2020"}],"wp:attachment":[{"href":"https:\/\/www.chamannajenatsch.ch\/en\/wp-json\/wp\/v2\/media?parent=2018"}],"wp:term":[{"taxonomy":"category","embeddable":true,"href":"https:\/\/www.chamannajenatsch.ch\/en\/wp-json\/wp\/v2\/categories?post=2018"},{"taxonomy":"post_tag","embeddable":true,"href":"https:\/\/www.chamannajenatsch.ch\/en\/wp-json\/wp\/v2\/tags?post=2018"}],"curies":[{"name":"wp","href":"https:\/\/api.w.org\/{rel}","templated":true}]}}